{"id":15123,"date":"2024-04-01T19:04:30","date_gmt":"2024-04-01T22:04:30","guid":{"rendered":"https:\/\/hostnetart.com.br\/baixada\/assembleia-ira-deliberar-sobre-acordo-de-horas-negativas-com-santander\/"},"modified":"2024-04-01T19:04:30","modified_gmt":"2024-04-01T22:04:30","slug":"assembleia-ira-deliberar-sobre-acordo-de-horas-negativas-com-santander","status":"publish","type":"post","link":"https:\/\/hostnetart.com.br\/baixada\/assembleia-ira-deliberar-sobre-acordo-de-horas-negativas-com-santander\/","title":{"rendered":"Assembleia ir\u00e1 deliberar sobre Acordo de Horas Negativas com Santander"},"content":{"rendered":"<p>Nesta quarta-feira, 3 de abril, das 8 horas \u00e0s 16 horas, trabalhadoras e trabalhadores do Banco Santander, participam de assembleia para deliberar sobre o Acordo Coletivo de Trabalho sobre Horas Negativas, com vig\u00eancia do dia 1 de abril de 2024 a 31 de agosto de 2024.<\/p>\n<p>PARA VOTAR<\/p>\n<p>Para votar e participar, basta acessar o link de vota\u00e7\u00e3o: <a href=\"https:\/\/bancarios.votabem.com.br\/\">https:\/\/bancarios.votabem.com.br\/<\/a><\/p>\n<p>O link estar\u00e1, tamb\u00e9m, dispon\u00edvel em nosso site (<a href=\"http:\/\/www.bancariosbaixada.org.br\/\">http:\/\/www.bancariosbaixada.org.br<\/a>)<\/p>\n<p>IMPORTANTE<\/p>\n<p>O Sindicato dos Banc\u00e1rios da Baixada Fluminense, seguindo orienta\u00e7\u00f5es da Confedera\u00e7\u00e3o Nacional dos Trabalhadores do Ramo Financeiro (Contraf-CUT), indica a aprova\u00e7\u00e3o do Acordo Coletivo de Trabalho.<\/p>\n","protected":false},"excerpt":{"rendered":"<p>Nesta quarta-feira, 3 de abril, das 8 horas \u00e0s 16 horas, trabalhadoras e trabalhadores do Banco Santander, participam de assembleia para deliberar sobre o Acordo Coletivo de Trabalho sobre Horas Negativas, com vig\u00eancia do dia 1 de abril de 2024 a 31 de agosto de 2024. PARA VOTAR Para votar e participar, basta acessar o [&hellip;]<\/p>\n","protected":false},"author":2,"featured_media":15122,"comment_status":"","ping_status":"","sticky":false,"template":"","format":"standard","meta":{"footnotes":""},"categories":[3],"tags":[],"class_list":["post-15123","post","type-post","status-publish","format-standard","has-post-thumbnail","hentry","category-noticias"],"_links":{"self":[{"href":"https:\/\/hostnetart.com.br\/baixada\/wp-json\/wp\/v2\/posts\/15123","targetHints":{"allow":["GET"]}}],"collection":[{"href":"https:\/\/hostnetart.com.br\/baixada\/wp-json\/wp\/v2\/posts"}],"about":[{"href":"https:\/\/hostnetart.com.br\/baixada\/wp-json\/wp\/v2\/types\/post"}],"author":[{"embeddable":true,"href":"https:\/\/hostnetart.com.br\/baixada\/wp-json\/wp\/v2\/users\/2"}],"replies":[{"embeddable":true,"href":"https:\/\/hostnetart.com.br\/baixada\/wp-json\/wp\/v2\/comments?post=15123"}],"version-history":[{"count":0,"href":"https:\/\/hostnetart.com.br\/baixada\/wp-json\/wp\/v2\/posts\/15123\/revisions"}],"wp:featuredmedia":[{"embeddable":true,"href":"https:\/\/hostnetart.com.br\/baixada\/wp-json\/wp\/v2\/media\/15122"}],"wp:attachment":[{"href":"https:\/\/hostnetart.com.br\/baixada\/wp-json\/wp\/v2\/media?parent=15123"}],"wp:term":[{"taxonomy":"category","embeddable":true,"href":"https:\/\/hostnetart.com.br\/baixada\/wp-json\/wp\/v2\/categories?post=15123"},{"taxonomy":"post_tag","embeddable":true,"href":"https:\/\/hostnetart.com.br\/baixada\/wp-json\/wp\/v2\/tags?post=15123"}],"curies":[{"name":"wp","href":"https:\/\/api.w.org\/{rel}","templated":true}]}}