{"id":15121,"date":"2024-04-01T17:44:29","date_gmt":"2024-04-01T20:44:29","guid":{"rendered":"https:\/\/hostnetart.com.br\/baixada\/edital-de-convocacao-assembleia-geral-extraordinaria-especifica-santander\/"},"modified":"2024-04-01T17:44:29","modified_gmt":"2024-04-01T20:44:29","slug":"edital-de-convocacao-assembleia-geral-extraordinaria-especifica-santander","status":"publish","type":"post","link":"https:\/\/hostnetart.com.br\/baixada\/edital-de-convocacao-assembleia-geral-extraordinaria-especifica-santander\/","title":{"rendered":"EDITAL DE CONVOCA\u00c7\u00c3O ASSEMBLEIA GERAL EXTRAORDIN\u00c1RIA ESPEC\u00cdFICA SANTANDER"},"content":{"rendered":"<\/p>\n","protected":false},"excerpt":{"rendered":"","protected":false},"author":1,"featured_media":15120,"comment_status":"","ping_status":"","sticky":false,"template":"","format":"standard","meta":{"footnotes":""},"categories":[7],"tags":[],"class_list":["post-15121","post","type-post","status-publish","format-standard","has-post-thumbnail","hentry","category-edital"],"_links":{"self":[{"href":"https:\/\/hostnetart.com.br\/baixada\/wp-json\/wp\/v2\/posts\/15121","targetHints":{"allow":["GET"]}}],"collection":[{"href":"https:\/\/hostnetart.com.br\/baixada\/wp-json\/wp\/v2\/posts"}],"about":[{"href":"https:\/\/hostnetart.com.br\/baixada\/wp-json\/wp\/v2\/types\/post"}],"author":[{"embeddable":true,"href":"https:\/\/hostnetart.com.br\/baixada\/wp-json\/wp\/v2\/users\/1"}],"replies":[{"embeddable":true,"href":"https:\/\/hostnetart.com.br\/baixada\/wp-json\/wp\/v2\/comments?post=15121"}],"version-history":[{"count":0,"href":"https:\/\/hostnetart.com.br\/baixada\/wp-json\/wp\/v2\/posts\/15121\/revisions"}],"wp:featuredmedia":[{"embeddable":true,"href":"https:\/\/hostnetart.com.br\/baixada\/wp-json\/wp\/v2\/media\/15120"}],"wp:attachment":[{"href":"https:\/\/hostnetart.com.br\/baixada\/wp-json\/wp\/v2\/media?parent=15121"}],"wp:term":[{"taxonomy":"category","embeddable":true,"href":"https:\/\/hostnetart.com.br\/baixada\/wp-json\/wp\/v2\/categories?post=15121"},{"taxonomy":"post_tag","embeddable":true,"href":"https:\/\/hostnetart.com.br\/baixada\/wp-json\/wp\/v2\/tags?post=15121"}],"curies":[{"name":"wp","href":"https:\/\/api.w.org\/{rel}","templated":true}]}}