{"id":1512,"date":"2013-09-25T00:00:00","date_gmt":"2013-09-25T03:00:00","guid":{"rendered":"https:\/\/hostnetart.com.br\/baixada\/no-6-dia-da-greve-bancarios-fecham-9-665-agencias-e-vao-as-ruas-protesta\/"},"modified":"2013-09-25T00:00:00","modified_gmt":"2013-09-25T03:00:00","slug":"no-6-dia-da-greve-bancarios-fecham-9-665-agencias-e-vao-as-ruas-protesta","status":"publish","type":"post","link":"https:\/\/hostnetart.com.br\/baixada\/no-6-dia-da-greve-bancarios-fecham-9-665-agencias-e-vao-as-ruas-protesta\/","title":{"rendered":"No 6\u00ba dia da greve, banc\u00e1rios fecham 9.665 ag\u00eancias e v\u00e3o \u00e0s ruas protesta"},"content":{"rendered":"<p>No sexto dia da greve nacional, os banc\u00e1rios ampliaram a paralisa\u00e7\u00e3o nesta ter\u00e7a-feira 24 em todo o pa\u00eds, fechando 9.665 ag\u00eancias e centros administrativos de bancos p\u00fablicos e privados, e realizaram passeatas em v\u00e1rias capitais para manifestar a indigna\u00e7\u00e3o contra o sil\u00eancio dos bancos diante de suas reivindica\u00e7\u00f5es por aumento real de sal\u00e1rio, valoriza\u00e7\u00e3o do piso, mais contrata\u00e7\u00f5es e fim da rotatividade, melhores condi\u00e7\u00f5es de trabalho, mais seguran\u00e7a e igualdade de oportunidades.<\/p>\n<p>\u00a0<br \/>O Comando Nacional dos Banc\u00e1rios, coordenado pela Contraf-CUT, vai se reunir nesta quinta-feira 26, em S\u00e3o Paulo, para fazer um balan\u00e7o da primeira semana da paralisa\u00e7\u00e3o. \u201cVamos avaliar o movimento, que j\u00e1 \u00e9 maior do que o do ano passado, e discutir formas de fortalecer e ampliar ainda mais as paralisa\u00e7\u00f5es, diante do sil\u00eancio dos bancos em retomar o processo de negocia\u00e7\u00f5es\u201d, afirma Carlos Cordeiro, presidente da Contraf-CUT e coordenador do Comando Nacional.<\/p>\n<p>\u00a0<br \/>A greve nacional foi deflagrada no dia 19, depois que os banc\u00e1rios rejeitaram em assembleias realizadas dia 12 a (\u00fanica) proposta apresentada pelos bancos at\u00e9 agora, que apenas rep\u00f5e a infla\u00e7\u00e3o do per\u00edodo (6,1%) e nega as demais reivindica\u00e7\u00f5es econ\u00f4micas e sociais.<\/p>\n<p>\u00a0<br \/>Como nos anos anteriores, a greve vem crescendo a cada dia. No primeiro dia foram fechados 6.145 ag\u00eancias e centros administrativos de bancos p\u00fablicos e privados nos 26 estados e no Distrito Federal. A paralisa\u00e7\u00e3o atingiu 7.282 depend\u00eancias no segundo dia e 9.015 unidades nesta segunda-feira 23.<\/p>\n<p>\u00a0<br \/>\u201cOs seis maiores bancos lucraram R$ 29,6 bilh\u00f5es s\u00f3 no primeiro semestre e exibem a maior rentabilidade do sistema financeiro mundial, gra\u00e7as principalmente ao aumento da produtividade dos banc\u00e1rios. A categoria j\u00e1 deixou claro que n\u00e3o volta ao trabalho sem aumento real e vai ampliar a greve para quebrar a intransig\u00eancia da Fenaban\u201d, adverte o presidente da Contraf-CUT.<\/p>\n<p>\u00a0<br \/><strong>As principais reivindica\u00e7\u00f5es dos banc\u00e1rios<\/strong><\/p>\n<p>\u00a0<br \/>&gt; Reajuste salarial de 11,93% (5% de aumento real al\u00e9m da infla\u00e7\u00e3o)<\/p>\n<p>&gt; PLR: tr\u00eas sal\u00e1rios mais R$ 5.553,15.<\/p>\n<p>&gt; Piso: R$ 2.860,21 (sal\u00e1rio m\u00ednimo do Dieese).<\/p>\n<p>&gt; Aux\u00edlios alimenta\u00e7\u00e3o, refei\u00e7\u00e3o, 13\u00aa cesta e aux\u00edlio-creche\/bab\u00e1: R$ 678 ao m\u00eas para cada (sal\u00e1rio m\u00ednimo nacional).<\/p>\n<p>&gt; Melhores condi\u00e7\u00f5es de trabalho, com o fim das metas abusivas e do ass\u00e9dio moral que adoece os banc\u00e1rios.<\/p>\n<p>&gt; Emprego: fim das demiss\u00f5es, mais contrata\u00e7\u00f5es, aumento da inclus\u00e3o banc\u00e1ria, combate \u00e0s terceiriza\u00e7\u00f5es, especialmente ao PL 4330 que precariza as condi\u00e7\u00f5es de trabalho, al\u00e9m da aplica\u00e7\u00e3o da Conven\u00e7\u00e3o 158 da OIT, que pro\u00edbe as dispensas imotivadas.<\/p>\n<p>&gt; Plano de Cargos, Carreiras e Sal\u00e1rios (PCCS) para todos os banc\u00e1rios.<\/p>\n<p>&gt; Aux\u00edlio-educa\u00e7\u00e3o: pagamento para gradua\u00e7\u00e3o e p\u00f3s-gradua\u00e7\u00e3o.<\/p>\n<p>&gt; Preven\u00e7\u00e3o contra assaltos e sequestros, com o fim da guarda das chaves de cofres e ag\u00eancias por banc\u00e1rios.<\/p>\n<p>&gt; Igualdade de oportunidades para banc\u00e1rios e banc\u00e1rias, com a contrata\u00e7\u00e3o de pelo menos 20% de negros e negras.<\/p>\n<p>\u00a0<br \/>Fonte: Contraf-CUT<\/p>\n","protected":false},"excerpt":{"rendered":"<p>No sexto dia da greve nacional, os banc\u00e1rios ampliaram a paralisa\u00e7\u00e3o nesta ter\u00e7a-feira 24 em todo o pa\u00eds, fechando 9.665 ag\u00eancias e centros administrativos de bancos p\u00fablicos e privados, e realizaram passeatas em v\u00e1rias capitais para manifestar a indigna\u00e7\u00e3o contra o sil\u00eancio dos bancos diante de suas reivindica\u00e7\u00f5es por aumento real de sal\u00e1rio, valoriza\u00e7\u00e3o do [&hellip;]<\/p>\n","protected":false},"author":1,"featured_media":0,"comment_status":"","ping_status":"","sticky":false,"template":"","format":"standard","meta":{"footnotes":""},"categories":[3],"tags":[],"class_list":["post-1512","post","type-post","status-publish","format-standard","hentry","category-noticias"],"_links":{"self":[{"href":"https:\/\/hostnetart.com.br\/baixada\/wp-json\/wp\/v2\/posts\/1512","targetHints":{"allow":["GET"]}}],"collection":[{"href":"https:\/\/hostnetart.com.br\/baixada\/wp-json\/wp\/v2\/posts"}],"about":[{"href":"https:\/\/hostnetart.com.br\/baixada\/wp-json\/wp\/v2\/types\/post"}],"author":[{"embeddable":true,"href":"https:\/\/hostnetart.com.br\/baixada\/wp-json\/wp\/v2\/users\/1"}],"replies":[{"embeddable":true,"href":"https:\/\/hostnetart.com.br\/baixada\/wp-json\/wp\/v2\/comments?post=1512"}],"version-history":[{"count":0,"href":"https:\/\/hostnetart.com.br\/baixada\/wp-json\/wp\/v2\/posts\/1512\/revisions"}],"wp:attachment":[{"href":"https:\/\/hostnetart.com.br\/baixada\/wp-json\/wp\/v2\/media?parent=1512"}],"wp:term":[{"taxonomy":"category","embeddable":true,"href":"https:\/\/hostnetart.com.br\/baixada\/wp-json\/wp\/v2\/categories?post=1512"},{"taxonomy":"post_tag","embeddable":true,"href":"https:\/\/hostnetart.com.br\/baixada\/wp-json\/wp\/v2\/tags?post=1512"}],"curies":[{"name":"wp","href":"https:\/\/api.w.org\/{rel}","templated":true}]}}