{"id":15117,"date":"2024-03-27T15:31:55","date_gmt":"2024-03-27T18:31:55","guid":{"rendered":"https:\/\/hostnetart.com.br\/baixada\/trabalhadores-do-itau-participam-de-assembleia-para-aprovacao-de-acordo-coletivo-de-trabalho\/"},"modified":"2024-03-27T15:31:55","modified_gmt":"2024-03-27T18:31:55","slug":"trabalhadores-do-itau-participam-de-assembleia-para-aprovacao-de-acordo-coletivo-de-trabalho","status":"publish","type":"post","link":"https:\/\/hostnetart.com.br\/baixada\/trabalhadores-do-itau-participam-de-assembleia-para-aprovacao-de-acordo-coletivo-de-trabalho\/","title":{"rendered":"Trabalhadores do Ita\u00fa participam de assembleia para aprova\u00e7\u00e3o de Acordo Coletivo de Trabalho"},"content":{"rendered":"<p>Banc\u00e1rias e banc\u00e1rios do Banco Ita\u00fa, da base do Sindicato dos Banc\u00e1rios da Baixada Fluminense, participar\u00e3o de assembleia remota, para deliberar sobre\u00a0a aprova\u00e7\u00e3o do Acordo Coletivo de Trabalho sobre CCV (Comiss\u00e3o de Concilia\u00e7\u00e3o Volunt\u00e1ria), com vig\u00eancia de dois anos a partir da data da assinatura, a ser celebrado com o Banco Ita\u00fa Unibanco S\/A; Ita\u00fa Unibanco Holding S\/A; Banco Itaucard S\/A; Banco Ita\u00fa Consignado S\/A e Banco Ita\u00fa BBA S\/A.<\/p>\n<p>A assembleia ocorre no dia\u00a0<strong><span dir=\"ltr\">2 de abril<\/span><\/strong>, ter\u00e7a-feira, das\u00a0<strong>9 horas \u00e0s 17 horas<\/strong>.<\/p>\n<p><b>PARA VOTAR<\/b><\/p>\n<p>Para votar e participar, basta acessar o link de vota\u00e7\u00e3o: <a href=\"https:\/\/bancarios.votabem.com.br\/\">https:\/\/bancarios.votabem.com.br\/<\/a><\/p>\n<p>O link estar\u00e1, tamb\u00e9m, dispon\u00edvel em nosso site (<a href=\"http:\/\/www.bancariosbaixada.org.br\/\">http:\/\/www.bancariosbaixada.org.br<\/a>)<\/p>\n<p><b>IMPORTANTE<\/b><\/p>\n<p>O Sindicato dos Banc\u00e1rios da Baixada Fluminense, seguindo as orienta\u00e7\u00f5es da Confedera\u00e7\u00e3o Nacional dos Trabalhadores do Ramo Financeiro (Contraf-CUT), indica a aprova\u00e7\u00e3o do Acordo Coletivo de Trabalho.<\/p>\n<p>\u00a0<\/p>\n","protected":false},"excerpt":{"rendered":"<p>Banc\u00e1rias e banc\u00e1rios do Banco Ita\u00fa, da base do Sindicato dos Banc\u00e1rios da Baixada Fluminense, participar\u00e3o de assembleia remota, para deliberar sobre\u00a0a aprova\u00e7\u00e3o do Acordo Coletivo de Trabalho sobre CCV (Comiss\u00e3o de Concilia\u00e7\u00e3o Volunt\u00e1ria), com vig\u00eancia de dois anos a partir da data da assinatura, a ser celebrado com o Banco Ita\u00fa Unibanco S\/A; Ita\u00fa [&hellip;]<\/p>\n","protected":false},"author":2,"featured_media":15116,"comment_status":"","ping_status":"","sticky":false,"template":"","format":"standard","meta":{"footnotes":""},"categories":[3],"tags":[],"class_list":["post-15117","post","type-post","status-publish","format-standard","has-post-thumbnail","hentry","category-noticias"],"_links":{"self":[{"href":"https:\/\/hostnetart.com.br\/baixada\/wp-json\/wp\/v2\/posts\/15117","targetHints":{"allow":["GET"]}}],"collection":[{"href":"https:\/\/hostnetart.com.br\/baixada\/wp-json\/wp\/v2\/posts"}],"about":[{"href":"https:\/\/hostnetart.com.br\/baixada\/wp-json\/wp\/v2\/types\/post"}],"author":[{"embeddable":true,"href":"https:\/\/hostnetart.com.br\/baixada\/wp-json\/wp\/v2\/users\/2"}],"replies":[{"embeddable":true,"href":"https:\/\/hostnetart.com.br\/baixada\/wp-json\/wp\/v2\/comments?post=15117"}],"version-history":[{"count":0,"href":"https:\/\/hostnetart.com.br\/baixada\/wp-json\/wp\/v2\/posts\/15117\/revisions"}],"wp:featuredmedia":[{"embeddable":true,"href":"https:\/\/hostnetart.com.br\/baixada\/wp-json\/wp\/v2\/media\/15116"}],"wp:attachment":[{"href":"https:\/\/hostnetart.com.br\/baixada\/wp-json\/wp\/v2\/media?parent=15117"}],"wp:term":[{"taxonomy":"category","embeddable":true,"href":"https:\/\/hostnetart.com.br\/baixada\/wp-json\/wp\/v2\/categories?post=15117"},{"taxonomy":"post_tag","embeddable":true,"href":"https:\/\/hostnetart.com.br\/baixada\/wp-json\/wp\/v2\/tags?post=15117"}],"curies":[{"name":"wp","href":"https:\/\/api.w.org\/{rel}","templated":true}]}}