{"id":15111,"date":"2024-03-26T13:37:37","date_gmt":"2024-03-26T16:37:37","guid":{"rendered":"https:\/\/hostnetart.com.br\/baixada\/inscricoes-abertas-para-1-festival-de-musica-contraf-cut\/"},"modified":"2024-03-26T13:37:37","modified_gmt":"2024-03-26T16:37:37","slug":"inscricoes-abertas-para-1-festival-de-musica-contraf-cut","status":"publish","type":"post","link":"https:\/\/hostnetart.com.br\/baixada\/inscricoes-abertas-para-1-festival-de-musica-contraf-cut\/","title":{"rendered":"Inscri\u00e7\u00f5es abertas para 1\u00ba Festival de M\u00fasica Contraf-CUT"},"content":{"rendered":"<p>J\u00e1 est\u00e3o abertas as inscri\u00e7\u00f5es para o 1\u00ba Festival de M\u00fasica Contraf-CUT. O evento, criado para valorizar talentos do ramo financeiro, ser\u00e1 totalmente online e premia\u00e7\u00f5es de R$ 5 mil a R$ 500, do primeiro ao quinto colocados.<\/p>\n<p>O prazo de inscri\u00e7\u00f5es \u00e9 at\u00e9 o dia 12 de maio. O candidato ou candidata deve ler todo o regulamento, al\u00e9m de enviar um link do YouTube com o trabalho pelo qual ir\u00e1 competir.<\/p>\n<p><strong><a href=\"https:\/\/docs.google.com\/forms\/d\/e\/1FAIpQLSdXbiqOeBJlxofM7JZAgAW_J7f2Oz41wjbneplOKJMa5jFekQ\/viewform?pli=1\">Clique aqui<\/a><\/strong>\u00a0para acessar o formul\u00e1rio e\u00a0<a href=\"https:\/\/contrafcut.com.br\/wp-content\/uploads\/2024\/03\/regulamento-do-1o-festival-de-musica-contraf-cut.pdf\">aqui para o regulamento<\/a>.<\/p>\n<p>\u201c\u00c9 importante respeitar a regra de ser um trabalho totalmente autoral e sem conte\u00fados impr\u00f3prios para publica\u00e7\u00e3o em redes sociais, racistas, homof\u00f3bicos ou com qualquer tipo de ofensa a algum grupo ou g\u00eanero\u201d, explica o secret\u00e1rio de Cultura da Confedera\u00e7\u00e3o Nacional dos Trabalhadores do Ramo Financeiro (Contraf-CUT), Carlos Damarindo, o Carl\u00e3o.<\/p>\n<h3>Premia\u00e7\u00e3o<\/h3>\n<p>Os finalistas ser\u00e3o contemplados com os pr\u00eamios de R$ 5 mil, R$ 3 mil, R$ 1 mil, no caso dos tr\u00eas primeiros colocados, respectivamente, e R$ 500 para o quarto e quinto colocados.<\/p>\n<p>\u201cAl\u00e9m dos pr\u00eamios, os artistas ter\u00e3o a oportunidade de ver seu trabalho nas redes sociais da Contraf-CUT, contribuindo para a valoriza\u00e7\u00e3o e o incentivo da cultura no meio dos trabalhadores do ramo financeiro\u201d, avalia Carl\u00e3o.<\/p>\n<h3>Fique de olho nas datas<\/h3>\n<p>22\/03 \u2013 In\u00edcio das inscri\u00e7\u00f5es por meio de formul\u00e1rio que ser\u00e1 divulgado no site e redes sociais da Contraf-CUT<br \/>12\/05 \u2013 Encerramento das inscri\u00e7\u00f5es<br \/>20\/05 \u2013 Publica\u00e7\u00e3o dos cinco selecionados<br \/>21\/05 at\u00e9 28\/05 \u2013 Per\u00edodo para a vota\u00e7\u00e3o popular<br \/>29\/05 \u2013 Divulga\u00e7\u00e3o dos tr\u00eas vencedores e entrega dos pr\u00eamios.<\/p>\n<p><strong>Fonte: Contraf-CUT<\/strong><\/p>\n","protected":false},"excerpt":{"rendered":"<p>J\u00e1 est\u00e3o abertas as inscri\u00e7\u00f5es para o 1\u00ba Festival de M\u00fasica Contraf-CUT. O evento, criado para valorizar talentos do ramo financeiro, ser\u00e1 totalmente online e premia\u00e7\u00f5es de R$ 5 mil a R$ 500, do primeiro ao quinto colocados. O prazo de inscri\u00e7\u00f5es \u00e9 at\u00e9 o dia 12 de maio. O candidato ou candidata deve ler [&hellip;]<\/p>\n","protected":false},"author":2,"featured_media":15110,"comment_status":"","ping_status":"","sticky":false,"template":"","format":"standard","meta":{"footnotes":""},"categories":[3],"tags":[],"class_list":["post-15111","post","type-post","status-publish","format-standard","has-post-thumbnail","hentry","category-noticias"],"_links":{"self":[{"href":"https:\/\/hostnetart.com.br\/baixada\/wp-json\/wp\/v2\/posts\/15111","targetHints":{"allow":["GET"]}}],"collection":[{"href":"https:\/\/hostnetart.com.br\/baixada\/wp-json\/wp\/v2\/posts"}],"about":[{"href":"https:\/\/hostnetart.com.br\/baixada\/wp-json\/wp\/v2\/types\/post"}],"author":[{"embeddable":true,"href":"https:\/\/hostnetart.com.br\/baixada\/wp-json\/wp\/v2\/users\/2"}],"replies":[{"embeddable":true,"href":"https:\/\/hostnetart.com.br\/baixada\/wp-json\/wp\/v2\/comments?post=15111"}],"version-history":[{"count":0,"href":"https:\/\/hostnetart.com.br\/baixada\/wp-json\/wp\/v2\/posts\/15111\/revisions"}],"wp:featuredmedia":[{"embeddable":true,"href":"https:\/\/hostnetart.com.br\/baixada\/wp-json\/wp\/v2\/media\/15110"}],"wp:attachment":[{"href":"https:\/\/hostnetart.com.br\/baixada\/wp-json\/wp\/v2\/media?parent=15111"}],"wp:term":[{"taxonomy":"category","embeddable":true,"href":"https:\/\/hostnetart.com.br\/baixada\/wp-json\/wp\/v2\/categories?post=15111"},{"taxonomy":"post_tag","embeddable":true,"href":"https:\/\/hostnetart.com.br\/baixada\/wp-json\/wp\/v2\/tags?post=15111"}],"curies":[{"name":"wp","href":"https:\/\/api.w.org\/{rel}","templated":true}]}}