{"id":1511,"date":"2013-09-25T00:00:00","date_gmt":"2013-09-25T03:00:00","guid":{"rendered":"https:\/\/hostnetart.com.br\/baixada\/passeata-dos-bancarios-no-rio-denuncia-ganancia-dos-bancos-e-pl-4330\/"},"modified":"2013-09-25T00:00:00","modified_gmt":"2013-09-25T03:00:00","slug":"passeata-dos-bancarios-no-rio-denuncia-ganancia-dos-bancos-e-pl-4330","status":"publish","type":"post","link":"https:\/\/hostnetart.com.br\/baixada\/passeata-dos-bancarios-no-rio-denuncia-ganancia-dos-bancos-e-pl-4330\/","title":{"rendered":"Passeata dos banc\u00e1rios no Rio denuncia gan\u00e2ncia dos bancos e PL 4330"},"content":{"rendered":"<p>O tempo fechado e a chuva que caiu no Rio de Janeiro durante quase todo o dia desta ter\u00e7a-feira (24) n\u00e3o tiraram a disposi\u00e7\u00e3o dos banc\u00e1rios, que realizaram uma passeata no final da tarde da Candel\u00e1ria \u00e0 Cinel\u00e2ndia, no centro da cidade.<\/p>\n<p>\u00a0<\/p>\n<p>O Sindicato voltou a protestar contra a postura dos bancos nas negocia\u00e7\u00f5es. A Federa\u00e7\u00e3o Nacional dos Bancos (Fenaban) rejeitou praticamente todas as reivindica\u00e7\u00f5es da categoria e apresentou, na \u00faltima rodada, realizada no dia 5 de setembro, apenas um reajuste de 6,1% que s\u00f3 rep\u00f5e a infla\u00e7\u00e3o do per\u00edodo pelo INPC.<\/p>\n<p>\u00a0<\/p>\n<p>Assembleias em todo o pa\u00eds rejeitaram no dia 12 de setembro a proposta e deflagraram greve por tempo indeterminado, que j\u00e1 est\u00e1 completando uma semana.<\/p>\n<p>\u00a0<\/p>\n<p>O protesto foi tamb\u00e9m contra o Projeto de Lei 4330\/2004, o maior ataque do capital sobre o trabalho desde o per\u00edodo das privatiza\u00e7\u00f5es nos governos neoliberais de Collor e Fernando Henrique Cardoso.<\/p>\n<p>\u00a0<\/p>\n<p>\u201cEsta \u00e9 mais uma resposta da categoria que realiza este ano uma greve ainda mais forte do que a de 2012. S\u00f3 vamos arredar p\u00e9 quando os bancos p\u00fablicos e privados respeitarem os banc\u00e1rios e apresentarem uma proposta digna, que fa\u00e7a jus aos lucros acumulados pelas empresas\u201d, afirmou o presidente do Sindicato, Almir Aguiar.<\/p>\n<p>\u00a0<\/p>\n<p>\u00a0<\/p>\n<p><strong>Errata<\/strong><\/p>\n<p>\u00a0<\/p>\n<p>A dire\u00e7\u00e3o do Sindicato fez uma retifica\u00e7\u00e3o no total de ag\u00eancias paralisadas na greve, que foi publicado na \u00faltima edi\u00e7\u00e3o do Jornal Banc\u00e1rio. O n\u00famero correto no Rio na segunda-feira (23) foi de 443 e n\u00e3o 658, como foi divulgado. Nesta ter\u00e7a-feira, a ades\u00e3o cresceu para 489 unidades.<\/p>\n<p>\u00a0<\/p>\n<p>\u00a0<\/p>\n<p><strong>Assembleia nesta quarta<\/strong><\/p>\n<p>\u00a0<\/p>\n<p>O Sindicato realiza assembleia nesta quarta (25), \u00e0s 18h, no audit\u00f3rio da entidade (Avenida Presidente Vargas, 502 \u2013 21\u00ba andar), no centro do Rio. O objetivo \u00e9 fortalecer a organiza\u00e7\u00e3o da greve e a Campanha Nacional 2013.<\/p>\n<p>\u00a0<\/p>\n<p>Fonte: Contraf-CUT com Seeb Rio<\/p>\n","protected":false},"excerpt":{"rendered":"<p>O tempo fechado e a chuva que caiu no Rio de Janeiro durante quase todo o dia desta ter\u00e7a-feira (24) n\u00e3o tiraram a disposi\u00e7\u00e3o dos banc\u00e1rios, que realizaram uma passeata no final da tarde da Candel\u00e1ria \u00e0 Cinel\u00e2ndia, no centro da cidade. \u00a0 O Sindicato voltou a protestar contra a postura dos bancos nas negocia\u00e7\u00f5es. [&hellip;]<\/p>\n","protected":false},"author":1,"featured_media":0,"comment_status":"","ping_status":"","sticky":false,"template":"","format":"standard","meta":{"footnotes":""},"categories":[3],"tags":[],"class_list":["post-1511","post","type-post","status-publish","format-standard","hentry","category-noticias"],"_links":{"self":[{"href":"https:\/\/hostnetart.com.br\/baixada\/wp-json\/wp\/v2\/posts\/1511","targetHints":{"allow":["GET"]}}],"collection":[{"href":"https:\/\/hostnetart.com.br\/baixada\/wp-json\/wp\/v2\/posts"}],"about":[{"href":"https:\/\/hostnetart.com.br\/baixada\/wp-json\/wp\/v2\/types\/post"}],"author":[{"embeddable":true,"href":"https:\/\/hostnetart.com.br\/baixada\/wp-json\/wp\/v2\/users\/1"}],"replies":[{"embeddable":true,"href":"https:\/\/hostnetart.com.br\/baixada\/wp-json\/wp\/v2\/comments?post=1511"}],"version-history":[{"count":0,"href":"https:\/\/hostnetart.com.br\/baixada\/wp-json\/wp\/v2\/posts\/1511\/revisions"}],"wp:attachment":[{"href":"https:\/\/hostnetart.com.br\/baixada\/wp-json\/wp\/v2\/media?parent=1511"}],"wp:term":[{"taxonomy":"category","embeddable":true,"href":"https:\/\/hostnetart.com.br\/baixada\/wp-json\/wp\/v2\/categories?post=1511"},{"taxonomy":"post_tag","embeddable":true,"href":"https:\/\/hostnetart.com.br\/baixada\/wp-json\/wp\/v2\/tags?post=1511"}],"curies":[{"name":"wp","href":"https:\/\/api.w.org\/{rel}","templated":true}]}}