{"id":15107,"date":"2024-03-26T13:32:22","date_gmt":"2024-03-26T16:32:22","guid":{"rendered":"https:\/\/hostnetart.com.br\/baixada\/cartilhas-de-combate-a-violencia-de-genero-consolidam-mais-um-passo-na-luta-de-bancarias-contra-assedio\/"},"modified":"2024-03-26T13:32:22","modified_gmt":"2024-03-26T16:32:22","slug":"cartilhas-de-combate-a-violencia-de-genero-consolidam-mais-um-passo-na-luta-de-bancarias-contra-assedio","status":"publish","type":"post","link":"https:\/\/hostnetart.com.br\/baixada\/cartilhas-de-combate-a-violencia-de-genero-consolidam-mais-um-passo-na-luta-de-bancarias-contra-assedio\/","title":{"rendered":"Cartilhas de combate \u00e0 viol\u00eancia de g\u00eanero consolidam mais um passo na luta de banc\u00e1rias contra ass\u00e9dio"},"content":{"rendered":"<p>O Comando Nacional dos Banc\u00e1rios e a Federa\u00e7\u00e3o Brasileira de Bancos (Febraban) se reuniram nesta segunda-feira (25) para o lan\u00e7amento de duas cartilhas de combate \u00e0 viol\u00eancia de g\u00eanero: \u201cSexo Fr\u00e1gil \u2013 Um manual sobre a masculinidade e suas quest\u00f5es\u201d e \u201cComo conversar com homens sobre viol\u00eancia contra meninas e mulheres\u201d.<\/p>\n<p>\u201cEstamos muito felizes hoje, com o lan\u00e7amento dessas publica\u00e7\u00f5es, que s\u00e3o o fruto de um trabalho de mais de 20 anos, marcado a partir da instaura\u00e7\u00e3o da mesa de Igualdade de Oportunidades, uma demanda dos trabalhadores nas mesas de negocia\u00e7\u00e3o com os bancos\u201d, observou Fernanda Lopes, secret\u00e1ria de Mulheres da Contraf-CUT.\u00a0<\/p>\n<p>\u201cN\u00f3s partimos hoje do ponto de uma sociedade com n\u00fameros crescentes de viol\u00eancia contra a mulher. Da\u00ed a import\u00e2ncia dessas cartilhas, para fazer essa informa\u00e7\u00e3o chegar, por meio da capilaridade dos bancos e dos sindicatos, a todo o territ\u00f3rio. O que esperamos para o futuro, \u00e9 que n\u00e3o precisemos mais de uma cartilha. Mas o lan\u00e7amento delas \u00e9 fundamental para alcan\u00e7ar isso l\u00e1 na frente, para nossas filhas, para todas n\u00f3s\u201d, completou Fernanda.\u00a0\u00a0<\/p>\n<p>\u201cH\u00e1 um ano, est\u00e1vamos num encontro como este, falando do lan\u00e7amento do programa. \u00c9 muito bom, portanto, estar aqui, agora, com a consolida\u00e7\u00e3o de uma das propostas\u201d, avaliou Neiva Ribeiro, presidenta do Sindicato dos Trabalhadores do Ramo Financeiro de S\u00e3o Paulo, Osasco e Regi\u00e3o. \u201c\u00c9 muito importante esse di\u00e1logo com os homens, para alcan\u00e7ar uma sociedade segura para as mulheres. Porque o mundo vive uma disputa de narrativas e estas publica\u00e7\u00f5es, constru\u00eddas dentro de nossa negocia\u00e7\u00e3o coletiva, s\u00e3o fundamentais para que a narrativa verdadeira seja compreendida e, a partir da\u00ed, mudar esse cen\u00e1rio de viol\u00eancia contra a mulher, para al\u00e9m dos bancos, mas em todos os espa\u00e7os da sociedade\u201d, completou.\u00a0<\/p>\n<p>\u201cHoje \u00e9 um dia muito feliz, porque come\u00e7amos com a divulga\u00e7\u00e3o do\u00a0<a href=\"https:\/\/contrafcut.com.br\/noticias\/igualdade-salarial-e-processo-civilizatorio-afirma-ministra-em-lancamento-de-relatorio-de-transparencia\/\" target=\"_blank\" rel=\"noopener noreferrer\">1\u00ba Relat\u00f3rio Nacional de Transpar\u00eancia Salarial<\/a>, em Bras\u00edlia, que tem como princ\u00edpio mostrar o retrato real do pa\u00eds, por regi\u00e3o, para criar pol\u00edticas e reduzir as desigualdades remunerat\u00f3rias entre mulheres e homens. N\u00e3o d\u00e1 pra falar em sociedade justa sem igualdade salarial entre g\u00eaneros\u201d, lembrou Juvandia Moreira, presidenta da Contraf-CUT. \u201cE, agora, terminamos o dia no lan\u00e7amento dessas cartilhas, material fundamental para que a sociedade compreenda a necessidade do combate ao ass\u00e9dio contra a mulher, em todos os espa\u00e7os\u201d, completou.<\/p>\n<p>Juvandia tamb\u00e9m refor\u00e7ou a satisfa\u00e7\u00e3o de ver tantos frutos produzidos nos 20 anos de luta das trabalhadoras banc\u00e1rias, nas mesas de negocia\u00e7\u00e3o e debates nas bases dos movimentos sindicais. \u201cPrecisamos alterar esse modo de organizar nossa sociedade, patriarcal, que reduz a representatividade de mulheres nos espa\u00e7os de lideran\u00e7a e poder. A desigualdade salarial, \u00e9 resultado dessa realidade, que precisa ser reconhecida para ser mudada\u201d, pontuou a presidenta da Contraf-CUT.\u00a0<\/p>\n<p>Fernanda Lopes refor\u00e7ou que o movimento sindical tamb\u00e9m criou, em 2019, o canal\u00a0<a href=\"https:\/\/contrafcut.com.br\/noticias\/movimento-sindical-bancario-amplia-programa-de-combate-a-violencia-contra-mulheres\/\" target=\"_blank\" rel=\"noopener noreferrer\">Basta! N\u00e3o ir\u00e3o nos calar!<\/a>, de suporte jur\u00eddico \u00e0s mulheres v\u00edtimas de viol\u00eancia e que, desde ent\u00e3o, soma 413 atendimentos. \u201cTemos muito orgulho em falar do Basta!, porque cada mulher atendida \u00e9 uma vida que podemos estar salvando\u201d, pontuou.\u00a0<\/p>\n<p>\u201cSegundo o F\u00f3rum Brasileiro de Seguran\u00e7a P\u00fablica, em 2023, ocorreram 10.655 feminic\u00eddios. A cada seis horas uma mulher ou menina \u00e9 assassinada no Brasil. Por isso, \u00e9 t\u00e3o importante esse tipo de iniciativa\u201d, refor\u00e7ou Amanda Corsino, secret\u00e1ria da Mulher da Central \u00danica dos Trabalhadores (CUT).<\/p>\n<h3>Sobre as publica\u00e7\u00f5es<\/h3>\n<p>Os materiais fazem parte do\u00a0<a href=\"https:\/\/contrafcut.com.br\/noticias\/programa-de-prevencao-a-violencia-de-genero-marca-avanco-no-historico-de-lutas-da-categoria\/\" target=\"_blank\" rel=\"noopener noreferrer\">Programa Nacional de Iniciativas de Preven\u00e7\u00e3o \u00e0 Viol\u00eancia Contra a Mulher,<\/a>\u00a0de conscientiza\u00e7\u00e3o e combate \u00e0 viol\u00eancia de g\u00eanero, lan\u00e7ado em 2023 e conquista das banc\u00e1rias, na luta contra o ass\u00e9dio no ambiente de trabalho e na sociedade.\u00a0<\/p>\n<p>A publica\u00e7\u00e3o \u201cSexo Fr\u00e1gil \u2013 Um manual sobre a masculinidade e suas quest\u00f5es\u201d foi desenvolvida pelo Instituto Maria da Penha (IMP) e Virtus \u2013 Defesa Social, Seguran\u00e7a P\u00fablica e Direitos Humanos. Enquanto a cartilha \u201c<a href=\"https:\/\/institutopdh.com.br\/pesquisas-e-ferramentas\/como-conversar-com-quem-pensa-muito-diferente\/\" target=\"_blank\" rel=\"noopener noreferrer\">Como conversar com homens sobre viol\u00eancia contra meninas e mulheres<\/a>\u201d, escrita por Viviana Santiago, foi desenvolvida pelas organiza\u00e7\u00f5es Papo de Homem e Instituto PDH.\u00a0<\/p>\n<p>\u201cAmbos os materiais foram viabilizados pelo movimento sindical, incluindo a Contraf-CUT, al\u00e9m da Febraban\u201d, explicou Fernanda Lopes.\u00a0<\/p>\n<p>Veja a seguir, as principais conquistas das banc\u00e1rias na CCT da categoria:<\/p>\n<p>\u2013 2000: inclus\u00e3o do tema igualdade de oportunidade nas mesas de negocia\u00e7\u00e3o;<br \/>\u2013 2009: licen\u00e7a-maternidade de 180 dias e extens\u00e3o de direitos aos casais homoafetivos;<br \/>\u2013 2010: inclus\u00e3o da cl\u00e1usula que criou o programa de combate ao ass\u00e9dio moral;<br \/>\u2013 2016: licen\u00e7a-paternidade de 20 dias;<br \/>\u2013 2020: programa de preven\u00e7\u00e3o \u00e0 viol\u00eancia contra a mulher banc\u00e1ria, no \u00e2mbito dom\u00e9stico e familiar, incluindo a cria\u00e7\u00e3o de canais de acolhimento, orienta\u00e7\u00e3o e aux\u00edlio \u00e0s mulheres em situa\u00e7\u00e3o de viol\u00eancia dom\u00e9stica e familiar;<br \/>\u2013 2022: cl\u00e1usula que criou o programa de combate ao ass\u00e9dio sexual.<\/p>\n<p><strong>Fonte: Contraf-CUT<\/strong><\/p>\n","protected":false},"excerpt":{"rendered":"<p>O Comando Nacional dos Banc\u00e1rios e a Federa\u00e7\u00e3o Brasileira de Bancos (Febraban) se reuniram nesta segunda-feira (25) para o lan\u00e7amento de duas cartilhas de combate \u00e0 viol\u00eancia de g\u00eanero: \u201cSexo Fr\u00e1gil \u2013 Um manual sobre a masculinidade e suas quest\u00f5es\u201d e \u201cComo conversar com homens sobre viol\u00eancia contra meninas e mulheres\u201d. \u201cEstamos muito felizes hoje, [&hellip;]<\/p>\n","protected":false},"author":2,"featured_media":15106,"comment_status":"","ping_status":"","sticky":false,"template":"","format":"standard","meta":{"footnotes":""},"categories":[3],"tags":[],"class_list":["post-15107","post","type-post","status-publish","format-standard","has-post-thumbnail","hentry","category-noticias"],"_links":{"self":[{"href":"https:\/\/hostnetart.com.br\/baixada\/wp-json\/wp\/v2\/posts\/15107","targetHints":{"allow":["GET"]}}],"collection":[{"href":"https:\/\/hostnetart.com.br\/baixada\/wp-json\/wp\/v2\/posts"}],"about":[{"href":"https:\/\/hostnetart.com.br\/baixada\/wp-json\/wp\/v2\/types\/post"}],"author":[{"embeddable":true,"href":"https:\/\/hostnetart.com.br\/baixada\/wp-json\/wp\/v2\/users\/2"}],"replies":[{"embeddable":true,"href":"https:\/\/hostnetart.com.br\/baixada\/wp-json\/wp\/v2\/comments?post=15107"}],"version-history":[{"count":0,"href":"https:\/\/hostnetart.com.br\/baixada\/wp-json\/wp\/v2\/posts\/15107\/revisions"}],"wp:featuredmedia":[{"embeddable":true,"href":"https:\/\/hostnetart.com.br\/baixada\/wp-json\/wp\/v2\/media\/15106"}],"wp:attachment":[{"href":"https:\/\/hostnetart.com.br\/baixada\/wp-json\/wp\/v2\/media?parent=15107"}],"wp:term":[{"taxonomy":"category","embeddable":true,"href":"https:\/\/hostnetart.com.br\/baixada\/wp-json\/wp\/v2\/categories?post=15107"},{"taxonomy":"post_tag","embeddable":true,"href":"https:\/\/hostnetart.com.br\/baixada\/wp-json\/wp\/v2\/tags?post=15107"}],"curies":[{"name":"wp","href":"https:\/\/api.w.org\/{rel}","templated":true}]}}