{"id":1510,"date":"2013-09-25T00:00:00","date_gmt":"2013-09-25T03:00:00","guid":{"rendered":"https:\/\/hostnetart.com.br\/baixada\/justica-nega-interdito-proibitorio-e-desmonta-ameaca-da-direcao-do-bb\/"},"modified":"2013-09-25T00:00:00","modified_gmt":"2013-09-25T03:00:00","slug":"justica-nega-interdito-proibitorio-e-desmonta-ameaca-da-direcao-do-bb","status":"publish","type":"post","link":"https:\/\/hostnetart.com.br\/baixada\/justica-nega-interdito-proibitorio-e-desmonta-ameaca-da-direcao-do-bb\/","title":{"rendered":"Justi\u00e7a nega interdito proibit\u00f3rio e desmonta amea\u00e7a da dire\u00e7\u00e3o do BB"},"content":{"rendered":"<p>O juiz Br\u00e1ulio Gabriel Gusm\u00e3o, da 4\u00aa Vara do Trabalho de Curitiba, negou o pedido de interdito proibit\u00f3rio feito pelo Banco do Brasil. Em despacho emitido na \u00faltima sexta-feira, dia 20, o magistrado observou que n\u00e3o vislumbrava amea\u00e7a \u00e0 posse alegada pelo BB e que \u201cqualquer transgress\u00e3o para uso dos passeios (cal\u00e7adas) e vias p\u00fablicas deve ser analisada pelo \u00f3rg\u00e3o de fiscaliza\u00e7\u00e3o do tr\u00e2nsito ou de policiamento\u201d. O banco afirmara que os grevistas estariam impedindo o acesso de empregados, clientes e usu\u00e1rios \u00e0s suas depend\u00eancias.<\/p>\n<p>\u00a0<\/p>\n<p>\u201cOra, n\u00e3o \u00e9 o banco quem vai trabalhar ou acessar servi\u00e7os, mas s\u00e3o as pessoas! A posse n\u00e3o est\u00e1 e nunca esteve amea\u00e7ada\u201d, destacou Gusm\u00e3o. Ele ainda reafirmou o direito de greve dos banc\u00e1rios ao dizer que \u201centender de modo diverso \u00e9 provocar a destrui\u00e7\u00e3o ou esvaziamento do conte\u00fado do pr\u00f3prio direito fundamental ao exerc\u00edcio de greve que possui, como corol\u00e1rio, o efeito de causar preju\u00edzo ao empregador e, por consequ\u00eancia, afetar sua atividade econ\u00f4mica\u201d, enfatizou o juiz.<\/p>\n<p>\u00a0<\/p>\n<p>Clique\u00a0<a href=\"http:\/\/www.contrafcut.org.br\/download\/Arquivo\/1392323421.pdf\" target=\"_blank\" rel=\"noopener noreferrer\">aqui<\/a>\u00a0para ler a \u00edntegra da decis\u00e3o do juiz.<\/p>\n<p>\u00a0<\/p>\n<p>A decis\u00e3o judicial desmonta um dos argumentos do banco, que vem amea\u00e7ando os funcion\u00e1rios desde o in\u00edcio da greve. No boletim publicado no site de negocia\u00e7\u00e3o coletiva do BB, no dia 19, primeiro dia da greve nacional dos banc\u00e1rios, o diretor de Rela\u00e7\u00f5es com Funcion\u00e1rios e Entidades Patrocinadas do BB, Carlos Eduardo Neri, afirmou que \u201co interdito proibit\u00f3rio \u00e9 o instrumento legal que, nessa hip\u00f3tese, visa garantir o direito de acesso \u00e0 Empresa para aqueles funcion\u00e1rios que, legitimamente, n\u00e3o concordem com uma paralisa\u00e7\u00e3o\u201d.<\/p>\n<p>\u00a0<\/p>\n<p>Para a Contraf-CUT, o posicionamento do juiz comprova o quanto o BB est\u00e1 errado em persistir com pr\u00e1ticas antissindicais e em recorrer a essa manobra jur\u00eddica, que vem sendo cada vez mais recusada pela Justi\u00e7a do Trabalho.<\/p>\n<p>\u00a0<\/p>\n<p>\u201cO BB faz coro com os banqueiros ao intimidar os funcion\u00e1rios em rela\u00e7\u00e3o ao exerc\u00edcio do seu leg\u00edtimo direito de greve, em vez de negociar seriamente a pauta de reivindica\u00e7\u00f5es espec\u00edficas, que busca melhorar as condi\u00e7\u00f5es de trabalho e garantir respeito e valoriza\u00e7\u00e3o profissional\u201d, ressalta William Mendes, secret\u00e1rio de forma\u00e7\u00e3o da Contraf-CUT e coordenador da Comiss\u00e3o de Empresa dos Funcion\u00e1rios do BB.<\/p>\n<p>\u00a0<\/p>\n<p>Fonte: Contraf-CUT com Seeb Curitiba<\/p>\n","protected":false},"excerpt":{"rendered":"<p>O juiz Br\u00e1ulio Gabriel Gusm\u00e3o, da 4\u00aa Vara do Trabalho de Curitiba, negou o pedido de interdito proibit\u00f3rio feito pelo Banco do Brasil. Em despacho emitido na \u00faltima sexta-feira, dia 20, o magistrado observou que n\u00e3o vislumbrava amea\u00e7a \u00e0 posse alegada pelo BB e que \u201cqualquer transgress\u00e3o para uso dos passeios (cal\u00e7adas) e vias p\u00fablicas [&hellip;]<\/p>\n","protected":false},"author":1,"featured_media":0,"comment_status":"","ping_status":"","sticky":false,"template":"","format":"standard","meta":{"footnotes":""},"categories":[3],"tags":[],"class_list":["post-1510","post","type-post","status-publish","format-standard","hentry","category-noticias"],"_links":{"self":[{"href":"https:\/\/hostnetart.com.br\/baixada\/wp-json\/wp\/v2\/posts\/1510","targetHints":{"allow":["GET"]}}],"collection":[{"href":"https:\/\/hostnetart.com.br\/baixada\/wp-json\/wp\/v2\/posts"}],"about":[{"href":"https:\/\/hostnetart.com.br\/baixada\/wp-json\/wp\/v2\/types\/post"}],"author":[{"embeddable":true,"href":"https:\/\/hostnetart.com.br\/baixada\/wp-json\/wp\/v2\/users\/1"}],"replies":[{"embeddable":true,"href":"https:\/\/hostnetart.com.br\/baixada\/wp-json\/wp\/v2\/comments?post=1510"}],"version-history":[{"count":0,"href":"https:\/\/hostnetart.com.br\/baixada\/wp-json\/wp\/v2\/posts\/1510\/revisions"}],"wp:attachment":[{"href":"https:\/\/hostnetart.com.br\/baixada\/wp-json\/wp\/v2\/media?parent=1510"}],"wp:term":[{"taxonomy":"category","embeddable":true,"href":"https:\/\/hostnetart.com.br\/baixada\/wp-json\/wp\/v2\/categories?post=1510"},{"taxonomy":"post_tag","embeddable":true,"href":"https:\/\/hostnetart.com.br\/baixada\/wp-json\/wp\/v2\/tags?post=1510"}],"curies":[{"name":"wp","href":"https:\/\/api.w.org\/{rel}","templated":true}]}}