{"id":15099,"date":"2024-03-21T18:58:56","date_gmt":"2024-03-21T21:58:56","guid":{"rendered":"https:\/\/hostnetart.com.br\/baixada\/sindicato-participa-de-seminario-nacional-de-organizacao-do-ramo-financeiro-em-sao-paulo\/"},"modified":"2024-03-21T18:58:56","modified_gmt":"2024-03-21T21:58:56","slug":"sindicato-participa-de-seminario-nacional-de-organizacao-do-ramo-financeiro-em-sao-paulo","status":"publish","type":"post","link":"https:\/\/hostnetart.com.br\/baixada\/sindicato-participa-de-seminario-nacional-de-organizacao-do-ramo-financeiro-em-sao-paulo\/","title":{"rendered":"Sindicato participa de Semin\u00e1rio Nacional de Organiza\u00e7\u00e3o do Ramo Financeiro em S\u00e3o Paulo"},"content":{"rendered":"<p>Nos dias 20 e 21 de mar\u00e7o, o <b>Sindicato dos Banc\u00e1rios de Baixada Fluminense<\/b>, atrav\u00e9s dos diretores <b>Pedro Batista, Renata Soeiro, Roberto Domingos e Ricardo Santos de S\u00e1<\/b>, participou do Semin\u00e1rio Nacional de Organiza\u00e7\u00e3o do Ramo Financeiro \u2013 Aspectos Jur\u00eddicos, realizado pela Confedera\u00e7\u00e3o Nacional dos Trabalhadores no Ramo Financeiro (Contraf-CUT), por meio de sua Secretaria Nacional de Organiza\u00e7\u00e3o do Ramo Financeiro e em conjunto com a Secretaria de Assuntos Jur\u00eddicos, em S\u00e3o Paulo.<\/p>\n<p>O objetivo do evento, al\u00e9m da atualiza\u00e7\u00e3o dos dados setoriais, \u00e9 prosseguir com o mapeamento nacional e a identifica\u00e7\u00e3o das empresas e dos trabalhadores que comp\u00f5em o ramo financeiro, com abordagem jur\u00eddica das possibilidades operacionais para auxiliar no trabalho sindical e no fortalecimento da representa\u00e7\u00e3o.<\/p>\n<p>\u201c\u00c9 muito importante estar com Secret\u00e1rias e Secret\u00e1rios de Organiza\u00e7\u00e3o do Ramo Financeiro das Federa\u00e7\u00f5es e dos Sindicatos de todo o pa\u00eds, porque podemos trocar experi\u00eancias. Tamb\u00e9m \u00e9 sempre bom aprender mais um pouco sobre a \u00e1rea que atuamos. Estarmos atualizados \u00e9 essencial para o bom andamento e funcionamento de nossas entidades.\u201d, comentou Roberto Domingos, Coordenador de Administra\u00e7\u00e3o e Finan\u00e7as do Sindicato.<\/p>\n<p>\u201cO Semin\u00e1rio de Organiza\u00e7\u00e3o da Contraf-CUT nos permitiu abrir um leque de novas oportunidades, para levarmos nossas conquistas para todos os trabalhadores do Ramo Financeiro.\u201d, declarou Renata Soeiro, Coordenadora Geral do Sindicato dos Banc\u00e1rios da Baixada Fluminense.<\/p>\n<p>Pedro Batista, Coordenador Geral do Sindicato dos Banc\u00e1rios da Baixada Fluminense, comentou: \u201cn\u00e3o tenho d\u00favidas em afirmar que este semin\u00e1rio nos deixa de frente para uma realidade muito dif\u00edcil, onde teremos que buscar novos caminhos.\u201d<\/p>\n<p><i>*confira mais fotos em nossas redes sociais<\/i>\u00a0<\/p>\n","protected":false},"excerpt":{"rendered":"<p>Nos dias 20 e 21 de mar\u00e7o, o Sindicato dos Banc\u00e1rios de Baixada Fluminense, atrav\u00e9s dos diretores Pedro Batista, Renata Soeiro, Roberto Domingos e Ricardo Santos de S\u00e1, participou do Semin\u00e1rio Nacional de Organiza\u00e7\u00e3o do Ramo Financeiro \u2013 Aspectos Jur\u00eddicos, realizado pela Confedera\u00e7\u00e3o Nacional dos Trabalhadores no Ramo Financeiro (Contraf-CUT), por meio de sua Secretaria [&hellip;]<\/p>\n","protected":false},"author":2,"featured_media":15098,"comment_status":"","ping_status":"","sticky":false,"template":"","format":"standard","meta":{"footnotes":""},"categories":[3],"tags":[],"class_list":["post-15099","post","type-post","status-publish","format-standard","has-post-thumbnail","hentry","category-noticias"],"_links":{"self":[{"href":"https:\/\/hostnetart.com.br\/baixada\/wp-json\/wp\/v2\/posts\/15099","targetHints":{"allow":["GET"]}}],"collection":[{"href":"https:\/\/hostnetart.com.br\/baixada\/wp-json\/wp\/v2\/posts"}],"about":[{"href":"https:\/\/hostnetart.com.br\/baixada\/wp-json\/wp\/v2\/types\/post"}],"author":[{"embeddable":true,"href":"https:\/\/hostnetart.com.br\/baixada\/wp-json\/wp\/v2\/users\/2"}],"replies":[{"embeddable":true,"href":"https:\/\/hostnetart.com.br\/baixada\/wp-json\/wp\/v2\/comments?post=15099"}],"version-history":[{"count":0,"href":"https:\/\/hostnetart.com.br\/baixada\/wp-json\/wp\/v2\/posts\/15099\/revisions"}],"wp:featuredmedia":[{"embeddable":true,"href":"https:\/\/hostnetart.com.br\/baixada\/wp-json\/wp\/v2\/media\/15098"}],"wp:attachment":[{"href":"https:\/\/hostnetart.com.br\/baixada\/wp-json\/wp\/v2\/media?parent=15099"}],"wp:term":[{"taxonomy":"category","embeddable":true,"href":"https:\/\/hostnetart.com.br\/baixada\/wp-json\/wp\/v2\/categories?post=15099"},{"taxonomy":"post_tag","embeddable":true,"href":"https:\/\/hostnetart.com.br\/baixada\/wp-json\/wp\/v2\/tags?post=15099"}],"curies":[{"name":"wp","href":"https:\/\/api.w.org\/{rel}","templated":true}]}}