{"id":15095,"date":"2024-03-20T20:02:29","date_gmt":"2024-03-20T23:02:29","guid":{"rendered":"https:\/\/hostnetart.com.br\/baixada\/conquistas-e-desafios-das-mulheres-bancarias-e-tema-de-seminario-dia-27-de-marco\/"},"modified":"2024-03-20T20:02:29","modified_gmt":"2024-03-20T23:02:29","slug":"conquistas-e-desafios-das-mulheres-bancarias-e-tema-de-seminario-dia-27-de-marco","status":"publish","type":"post","link":"https:\/\/hostnetart.com.br\/baixada\/conquistas-e-desafios-das-mulheres-bancarias-e-tema-de-seminario-dia-27-de-marco\/","title":{"rendered":"Conquistas e desafios das mulheres banc\u00e1rias \u00e9 tema de semin\u00e1rio, dia 27 de mar\u00e7o"},"content":{"rendered":"<p>A Secretaria de Mulheres da Confedera\u00e7\u00e3o Nacional dos Trabalhadores do Ramo Financeiro (Contraf-CUT) realizar\u00e1 no dia 27 de mar\u00e7o, das 11h \u00e0s 18h, o semin\u00e1rio \u201cConquistas e desafios das mulheres banc\u00e1rias\u201d, na sede da entidade, em S\u00e3o Paulo.<\/p>\n<p>\u201cA proposta est\u00e1 dentro das atividades e a\u00e7\u00f5es pol\u00edticas do m\u00eas de mar\u00e7o, ligadas \u00e0s lutas pelos direitos das mulheres\u201d, explica Fernanda Lopes, secret\u00e1ria de Mulheres da Contraf-CUT. \u201cO movimento sindical banc\u00e1rio tem um hist\u00f3rico de protagonismo no avan\u00e7o e combate \u00e0 desigualdade de g\u00eanero, refer\u00eancia para a luta de outras categorias\u201d, observa.<\/p>\n<p>Fernanda completa que a proposta do semin\u00e1rio \u00e9 fortalecer o reconhecimento da trajet\u00f3ria de lutas para a forma\u00e7\u00e3o de dirigentes e novas dirigentes e trabalhadoras do ramo financeiro.<\/p>\n<p>\u201cN\u00f3s ainda temos muito para avan\u00e7ar. As mulheres ainda <a href=\"https:\/\/contrafcut.com.br\/noticias\/mulheres-recebem-223-menos-que-os-homens-no-mercado-de-trabalho\/\">recebem cerca de 22% menos que os homens<\/a> no mercado de trabalho e essa desigualdade cresce conforme aumenta a escolariza\u00e7\u00e3o. O que \u00e9 um verdadeiro absurdo, mostrando que a mulher \u00e9 desvalorizada, ainda que invista para melhor atender as demandas do mercado\u201d, destaca.<\/p>\n<p>As inscri\u00e7\u00f5es para o semin\u00e1rio devem ser feitas com anteced\u00eancia, pelo link: <a href=\"https:\/\/forms.gle\/23BbUHKQQYp6AQRUA\">https:\/\/forms.gle\/23BbUHKQQYp6AQRUA<\/a><\/p>\n<p>Veja a seguir a programa\u00e7\u00e3o:<\/p>\n<p><strong>Bloco Tem\u00e1tico1: Nossa Hist\u00f3ria<\/strong><\/p>\n<p>11h \u00e0s 11h30 \u2013 Mesa de abertura<br \/>11h35 \u00e0s 13h \u2013 Painel 1: As mulheres na constru\u00e7\u00e3o do movimento sindical banc\u00e1rio<br \/>13h \u00e0s 14h30- Intervalo para almo\u00e7o<\/p>\n<p><strong>Bloco Tem\u00e1tico 2: Analisando nosso presente e construindo nosso futuro<\/strong><\/p>\n<p>14h30 \u00e0s 16h \u2013 Painel 2: An\u00e1lise de conjuntura e desafios na categoria<br \/>16h10 \u00e0s 18h \u2013 Painel 3: An\u00e1lise de conjuntura e desafios nas cidades, para a constru\u00e7\u00e3o de um novo Brasil.<\/p>\n<p><strong>Fonte: Contraf-CUT<\/strong><\/p>\n","protected":false},"excerpt":{"rendered":"<p>A Secretaria de Mulheres da Confedera\u00e7\u00e3o Nacional dos Trabalhadores do Ramo Financeiro (Contraf-CUT) realizar\u00e1 no dia 27 de mar\u00e7o, das 11h \u00e0s 18h, o semin\u00e1rio \u201cConquistas e desafios das mulheres banc\u00e1rias\u201d, na sede da entidade, em S\u00e3o Paulo. \u201cA proposta est\u00e1 dentro das atividades e a\u00e7\u00f5es pol\u00edticas do m\u00eas de mar\u00e7o, ligadas \u00e0s lutas pelos [&hellip;]<\/p>\n","protected":false},"author":2,"featured_media":15094,"comment_status":"","ping_status":"","sticky":false,"template":"","format":"standard","meta":{"footnotes":""},"categories":[3],"tags":[],"class_list":["post-15095","post","type-post","status-publish","format-standard","has-post-thumbnail","hentry","category-noticias"],"_links":{"self":[{"href":"https:\/\/hostnetart.com.br\/baixada\/wp-json\/wp\/v2\/posts\/15095","targetHints":{"allow":["GET"]}}],"collection":[{"href":"https:\/\/hostnetart.com.br\/baixada\/wp-json\/wp\/v2\/posts"}],"about":[{"href":"https:\/\/hostnetart.com.br\/baixada\/wp-json\/wp\/v2\/types\/post"}],"author":[{"embeddable":true,"href":"https:\/\/hostnetart.com.br\/baixada\/wp-json\/wp\/v2\/users\/2"}],"replies":[{"embeddable":true,"href":"https:\/\/hostnetart.com.br\/baixada\/wp-json\/wp\/v2\/comments?post=15095"}],"version-history":[{"count":0,"href":"https:\/\/hostnetart.com.br\/baixada\/wp-json\/wp\/v2\/posts\/15095\/revisions"}],"wp:featuredmedia":[{"embeddable":true,"href":"https:\/\/hostnetart.com.br\/baixada\/wp-json\/wp\/v2\/media\/15094"}],"wp:attachment":[{"href":"https:\/\/hostnetart.com.br\/baixada\/wp-json\/wp\/v2\/media?parent=15095"}],"wp:term":[{"taxonomy":"category","embeddable":true,"href":"https:\/\/hostnetart.com.br\/baixada\/wp-json\/wp\/v2\/categories?post=15095"},{"taxonomy":"post_tag","embeddable":true,"href":"https:\/\/hostnetart.com.br\/baixada\/wp-json\/wp\/v2\/tags?post=15095"}],"curies":[{"name":"wp","href":"https:\/\/api.w.org\/{rel}","templated":true}]}}