{"id":15093,"date":"2024-03-19T14:12:46","date_gmt":"2024-03-19T17:12:46","guid":{"rendered":"https:\/\/hostnetart.com.br\/baixada\/abertas-inscricoes-para-o-curso-paternidade-responsavel\/"},"modified":"2024-03-19T14:12:46","modified_gmt":"2024-03-19T17:12:46","slug":"abertas-inscricoes-para-o-curso-paternidade-responsavel","status":"publish","type":"post","link":"https:\/\/hostnetart.com.br\/baixada\/abertas-inscricoes-para-o-curso-paternidade-responsavel\/","title":{"rendered":"Abertas inscri\u00e7\u00f5es para o curso Paternidade Respons\u00e1vel"},"content":{"rendered":"<p>A\u00a0<a href=\"https:\/\/28deagosto.com.br\/\" target=\"_blank\" rel=\"noopener noreferrer\">Faculdade 28 de Agosto<\/a>\u00a0est\u00e1 com inscri\u00e7\u00f5es abertas para quatro novas turmas do curso Paternidade Respons\u00e1vel e Rela\u00e7\u00f5es Compartilhadas, para os meses de abril, junho, agosto e outubro. As atividades s\u00e3o todas online, com transmiss\u00e3o ao vivo, de forma a permitir a intera\u00e7\u00e3o entre alunos e professores, num ambiente favor\u00e1vel para troca de experi\u00eancias entre os participantes.<\/p>\n<p>O programa \u00e9 voltado \u00e0 orienta\u00e7\u00e3o de m\u00e3es e pais banc\u00e1rios, com os aspectos fundamentais para a constru\u00e7\u00e3o de uma boa rela\u00e7\u00e3o familiar. Desenhado com conte\u00fado interdisciplinar, o curso recebe avalia\u00e7\u00e3o positiva de seus alunos desde a cria\u00e7\u00e3o, h\u00e1 seis anos.<\/p>\n<p>A proposta \u00e9 oferecer uma reflex\u00e3o sobre a paternidade e a maternidade no mundo contempor\u00e2neo. S\u00e3o abordados pontos como o momento na vida do pai, os desafios para a fam\u00edlia com a chegada do novo integrante, depress\u00e3o p\u00f3s-parto e o respeito \u00e0 condi\u00e7\u00e3o biol\u00f3gica e psicol\u00f3gica da mulher.<\/p>\n<p>Os alunos tamb\u00e9m aprendem a trocar fralda, colocar a crian\u00e7a para dormir, executar manobra de desengasgo e cuidados p\u00f3s-mamada, entre outros assuntos que auxiliar\u00e3o a desmistificar o dia a dia com o beb\u00ea. Tamb\u00e9m s\u00e3o estudados conceitos pedag\u00f3gicos novos e antigos, educa\u00e7\u00e3o para igualdade e a fun\u00e7\u00e3o paterna nesse contexto.<\/p>\n<h3><strong>Licen\u00e7a paternidade de 20 dias<\/strong><\/h3>\n<p>O curso \u00e9 um pr\u00e9-requisito para o banc\u00e1rio gozar da licen\u00e7a-paternidade ampliada, de 20 dias, ao se tornar pai. Esse \u00e9 um direito conquistado pelas representa\u00e7\u00f5es sindicais junto aos bancos, inclu\u00eddo na Conven\u00e7\u00e3o Coletiva de Trabalho (CCT) da categoria banc\u00e1ria.<\/p>\n<h3><strong>Desconto para Contraf-CUT<\/strong><\/h3>\n<p>A Confedera\u00e7\u00e3o Nacional dos Trabalhadores do Ramo Financeiro (Contraf-CUT) tem um conv\u00eanio com a Faculdade 28 de Agosto, que garante desconto na taxa para todos os sindicalizados em entidades sindicais banc\u00e1rias filiadas.<\/p>\n<p>Companheiras e companheiros de banc\u00e1rios, bem como profissionais de outros ramos, tamb\u00e9m podem fazer o curso, mas a licen\u00e7a-paternidade ampliada n\u00e3o \u00e9 regra para todos os setores. O pre\u00e7o regular \u00e9 de R$ 250, mas com o desconto cai para R$ 150. Fa\u00e7a sua\u00a0<a href=\"https:\/\/loja.spbancarios.com.br\/produto\/paternidade-responsavel\/\" target=\"_blank\" rel=\"noopener noreferrer\">inscri\u00e7\u00e3o neste\u00a0<em>link<\/em><\/a>.<\/p>\n<p>Para o secret\u00e1rio de Forma\u00e7\u00e3o da Contraf-CUT, Rafael Zanon, \u201c\u00e9 importante que o profissional tenha boa forma\u00e7\u00e3o em diversas disciplinas, de modo que ele se desenvolva n\u00e3o apenas para seu trabalho, mas tamb\u00e9m para sua pr\u00f3pria vida e sua fam\u00edlia. O curso da 28 de Agosto segue esse conceito, de oferecer programas interdisciplinares que ajudam o banc\u00e1rio a se preparar melhor como profissional e tamb\u00e9m como ser humano\u201d.<\/p>\n<h3><strong>Servi\u00e7o<\/strong><\/h3>\n<p><em>Curso Paternidade Respons\u00e1vel e Rela\u00e7\u00f5es Compartilhadas<\/em><br \/><em><br \/><\/em><strong>Pre\u00e7o<\/strong>: de R$ 250 (p\u00fablico em geral) a\u00a0<strong>R$ 150 (filiados \u00e0 Contraf-CUT)<\/strong>.<br \/><strong><br \/>Carga hor\u00e1ria<\/strong>: 8 aulas, em 4 noites (segunda a quinta), das 19h30 \u00e0s 21h30.<\/p>\n<p><strong>Datas<\/strong>:<\/p>\n<ul>\n<li>Abril (8 a 11), inscri\u00e7\u00f5es at\u00e9 o dia 5 de abril;<\/li>\n<li>Junho (10 a 13), inscri\u00e7\u00f5es at\u00e9 7 de junho;<\/li>\n<li>Agosto (12 a 15), inscri\u00e7\u00f5es at\u00e9 9 de agosto;<\/li>\n<li>Outubro (7 a 10), inscri\u00e7\u00f5es at\u00e9 4 de outubro.<\/li>\n<\/ul>\n<p><a href=\"https:\/\/loja.spbancarios.com.br\/produto\/paternidade-responsavel\/\" target=\"_blank\" rel=\"noopener noreferrer\">Inscri\u00e7\u00e3o neste\u00a0<em>link<\/em><\/a>.<\/p>\n<p>Contato com a Faculdade 28 de Agosto pode ser feito pelo\u00a0<a href=\"https:\/\/wa.me\/5511998283809\" target=\"_blank\" rel=\"noopener noreferrer\">WhatsApp<\/a>.<\/p>\n<p><strong>Fonte: Contraf-CUT<\/strong><\/p>\n","protected":false},"excerpt":{"rendered":"<p>A\u00a0Faculdade 28 de Agosto\u00a0est\u00e1 com inscri\u00e7\u00f5es abertas para quatro novas turmas do curso Paternidade Respons\u00e1vel e Rela\u00e7\u00f5es Compartilhadas, para os meses de abril, junho, agosto e outubro. As atividades s\u00e3o todas online, com transmiss\u00e3o ao vivo, de forma a permitir a intera\u00e7\u00e3o entre alunos e professores, num ambiente favor\u00e1vel para troca de experi\u00eancias entre os [&hellip;]<\/p>\n","protected":false},"author":2,"featured_media":15092,"comment_status":"","ping_status":"","sticky":false,"template":"","format":"standard","meta":{"footnotes":""},"categories":[3],"tags":[],"class_list":["post-15093","post","type-post","status-publish","format-standard","has-post-thumbnail","hentry","category-noticias"],"_links":{"self":[{"href":"https:\/\/hostnetart.com.br\/baixada\/wp-json\/wp\/v2\/posts\/15093","targetHints":{"allow":["GET"]}}],"collection":[{"href":"https:\/\/hostnetart.com.br\/baixada\/wp-json\/wp\/v2\/posts"}],"about":[{"href":"https:\/\/hostnetart.com.br\/baixada\/wp-json\/wp\/v2\/types\/post"}],"author":[{"embeddable":true,"href":"https:\/\/hostnetart.com.br\/baixada\/wp-json\/wp\/v2\/users\/2"}],"replies":[{"embeddable":true,"href":"https:\/\/hostnetart.com.br\/baixada\/wp-json\/wp\/v2\/comments?post=15093"}],"version-history":[{"count":0,"href":"https:\/\/hostnetart.com.br\/baixada\/wp-json\/wp\/v2\/posts\/15093\/revisions"}],"wp:featuredmedia":[{"embeddable":true,"href":"https:\/\/hostnetart.com.br\/baixada\/wp-json\/wp\/v2\/media\/15092"}],"wp:attachment":[{"href":"https:\/\/hostnetart.com.br\/baixada\/wp-json\/wp\/v2\/media?parent=15093"}],"wp:term":[{"taxonomy":"category","embeddable":true,"href":"https:\/\/hostnetart.com.br\/baixada\/wp-json\/wp\/v2\/categories?post=15093"},{"taxonomy":"post_tag","embeddable":true,"href":"https:\/\/hostnetart.com.br\/baixada\/wp-json\/wp\/v2\/tags?post=15093"}],"curies":[{"name":"wp","href":"https:\/\/api.w.org\/{rel}","templated":true}]}}