{"id":15091,"date":"2024-03-19T14:10:39","date_gmt":"2024-03-19T17:10:39","guid":{"rendered":"https:\/\/hostnetart.com.br\/baixada\/vem-ai-1-festival-de-musica-contraf-cut\/"},"modified":"2024-03-19T14:10:39","modified_gmt":"2024-03-19T17:10:39","slug":"vem-ai-1-festival-de-musica-contraf-cut","status":"publish","type":"post","link":"https:\/\/hostnetart.com.br\/baixada\/vem-ai-1-festival-de-musica-contraf-cut\/","title":{"rendered":"Vem a\u00ed 1\u00ba Festival de M\u00fasica Contraf-CUT"},"content":{"rendered":"<p>A Secretaria de Cultura da Confedera\u00e7\u00e3o Nacional dos Trabalhadores do Ramo Financeiro (Contraf-CUT) realiza o primeiro festival de m\u00fasica da entidade, com in\u00edcio das inscri\u00e7\u00f5es na pr\u00f3xima sexta-feira, dia 22 de mar\u00e7o.<\/p>\n<p>\u201cO 1\u00ba Festival de M\u00fasica Contraf-CUT ser\u00e1 totalmente online e tem como objetivo valorizar a arte, por meio da m\u00fasica\u201d, explica o secret\u00e1rio de Cultura da entidade, Carlos Damarindo, o Carl\u00e3o. \u201cO inscrito, que poder\u00e1 se apresentar sozinho ou com acompanhantes (caso tenha uma banda, por exemplo), deve concorrer com um trabalho autoral. Os temas e os estilos s\u00e3o livres, mas ser\u00e3o desclassificadas m\u00fasicas que contenham conte\u00fados impr\u00f3prios para publica\u00e7\u00e3o em redes sociais, racistas, homof\u00f3bicos ou com qualquer tipo de ofensa a algum grupo ou g\u00eanero\u201d, completa.<\/p>\n<p>O concurso \u00e9 aberto para todos os trabalhadores sindicalizados do ramo financeiro, de empresa privada ou p\u00fablica, de bancos, fintechs ou cooperativas de cr\u00e9dito.<\/p>\n<p>\u201cNos pr\u00f3ximos dias, a Contraf-CUT divulgar\u00e1 em seu site e nas redes sociais (X, Instagram e Facebook) o formul\u00e1rio de inscri\u00e7\u00e3o, por onde o candidato dever\u00e1 enviar o link\u00a0 contendo seu trabalho musical. Por isso, fiquem atentos e nos sigam em todas essas plataformas\u201d, destaca Carl\u00e3o.<\/p>\n<p>Os participantes inscritos dever\u00e3o declarar-se detentores dos direitos autorais e intelectuais das m\u00fasicas e imagens dos v\u00eddeos que ser\u00e3o inscritos. Os trabalhos passar\u00e3o pela an\u00e1lise de uma curadoria composta por tr\u00eas profissionais da \u00e1rea, e os cinco melhores, escolhidos pela curadoria, ir\u00e3o para a vota\u00e7\u00e3o popular.<\/p>\n<h3>Premia\u00e7\u00e3o<\/h3>\n<p>Os tr\u00eas primeiros colocados ser\u00e3o contemplados com os pr\u00eamios de R$ 5 mil, R$ 3 mil e R$ 1 mil, respectivamente.<\/p>\n<p>\u201cAl\u00e9m dos pr\u00eamios, os artistas ter\u00e3o a oportunidade de ver seu trabalho nas redes sociais da Contraf-CUT, contribuindo para a valoriza\u00e7\u00e3o e o incentivo da cultura no meio dos trabalhadores do ramo financeiro\u201d, avalia Carl\u00e3o.<\/p>\n<h3>Fique de olho nas datas<\/h3>\n<p><strong>22\/03 \u2013\u00a0<\/strong>In\u00edcio das inscri\u00e7\u00f5es por meio de formul\u00e1rio que ser\u00e1 divulgado no site e redes sociais da Contraf-CUT<br \/><strong>12\/05 \u2013\u00a0<\/strong>Encerramento das inscri\u00e7\u00f5es<br \/><strong>20\/05 \u2013<\/strong>\u00a0Publica\u00e7\u00e3o dos cinco selecionados<br \/><strong>21\/05 at\u00e9 28\/05 \u2013<\/strong>\u00a0Per\u00edodo para a vota\u00e7\u00e3o popular<br \/><strong>29\/05 \u2013\u00a0<\/strong>Divulga\u00e7\u00e3o dos tr\u00eas vencedores e entrega dos pr\u00eamios.<\/p>\n<p><strong>Fonte: Contraf-CUT<\/strong><\/p>\n","protected":false},"excerpt":{"rendered":"<p>A Secretaria de Cultura da Confedera\u00e7\u00e3o Nacional dos Trabalhadores do Ramo Financeiro (Contraf-CUT) realiza o primeiro festival de m\u00fasica da entidade, com in\u00edcio das inscri\u00e7\u00f5es na pr\u00f3xima sexta-feira, dia 22 de mar\u00e7o. \u201cO 1\u00ba Festival de M\u00fasica Contraf-CUT ser\u00e1 totalmente online e tem como objetivo valorizar a arte, por meio da m\u00fasica\u201d, explica o secret\u00e1rio [&hellip;]<\/p>\n","protected":false},"author":2,"featured_media":15090,"comment_status":"","ping_status":"","sticky":false,"template":"","format":"standard","meta":{"footnotes":""},"categories":[3],"tags":[],"class_list":["post-15091","post","type-post","status-publish","format-standard","has-post-thumbnail","hentry","category-noticias"],"_links":{"self":[{"href":"https:\/\/hostnetart.com.br\/baixada\/wp-json\/wp\/v2\/posts\/15091","targetHints":{"allow":["GET"]}}],"collection":[{"href":"https:\/\/hostnetart.com.br\/baixada\/wp-json\/wp\/v2\/posts"}],"about":[{"href":"https:\/\/hostnetart.com.br\/baixada\/wp-json\/wp\/v2\/types\/post"}],"author":[{"embeddable":true,"href":"https:\/\/hostnetart.com.br\/baixada\/wp-json\/wp\/v2\/users\/2"}],"replies":[{"embeddable":true,"href":"https:\/\/hostnetart.com.br\/baixada\/wp-json\/wp\/v2\/comments?post=15091"}],"version-history":[{"count":0,"href":"https:\/\/hostnetart.com.br\/baixada\/wp-json\/wp\/v2\/posts\/15091\/revisions"}],"wp:featuredmedia":[{"embeddable":true,"href":"https:\/\/hostnetart.com.br\/baixada\/wp-json\/wp\/v2\/media\/15090"}],"wp:attachment":[{"href":"https:\/\/hostnetart.com.br\/baixada\/wp-json\/wp\/v2\/media?parent=15091"}],"wp:term":[{"taxonomy":"category","embeddable":true,"href":"https:\/\/hostnetart.com.br\/baixada\/wp-json\/wp\/v2\/categories?post=15091"},{"taxonomy":"post_tag","embeddable":true,"href":"https:\/\/hostnetart.com.br\/baixada\/wp-json\/wp\/v2\/tags?post=15091"}],"curies":[{"name":"wp","href":"https:\/\/api.w.org\/{rel}","templated":true}]}}