{"id":1509,"date":"2013-09-25T00:00:00","date_gmt":"2013-09-25T03:00:00","guid":{"rendered":"https:\/\/hostnetart.com.br\/baixada\/terceirizados-relatam-perda-de-direitos-e-alertam-sobre-pl-4330\/"},"modified":"2013-09-25T00:00:00","modified_gmt":"2013-09-25T03:00:00","slug":"terceirizados-relatam-perda-de-direitos-e-alertam-sobre-pl-4330","status":"publish","type":"post","link":"https:\/\/hostnetart.com.br\/baixada\/terceirizados-relatam-perda-de-direitos-e-alertam-sobre-pl-4330\/","title":{"rendered":"Terceirizados relatam perda de direitos e alertam sobre PL 4330"},"content":{"rendered":"<p>Durante a greve no Centro Administrativo Santander 2, na zona sul, e no CA Brigadeiro, do Ita\u00fa, na regi\u00e3o da Avenida Paulista, trabalhadores que prestam servi\u00e7os para os bancos alertaram a categoria para a amea\u00e7a que a terceiriza\u00e7\u00e3o representa para os direitos garantidos pela CLT e pela conven\u00e7\u00e3o coletiva dos banc\u00e1rios.<\/p>\n<p>\u00a0<\/p>\n<p>Dentre os relatos coletados na \u00faltima sexta 20, est\u00e3o dificuldades para manter a qualidade de vida. Uma das queixas relatadas no Casa 2 \u00e9 o valor do t\u00edquete para alimenta\u00e7\u00e3o, agravado pelo fato de a regi\u00e3o onde a concentra\u00e7\u00e3o se localiza n\u00e3o ter op\u00e7\u00f5es al\u00e9m dos dois restaurantes do pr\u00f3prio pr\u00e9dio.<\/p>\n<p>\u00a0<\/p>\n<p>\u201cMeu t\u00edquete di\u00e1rio \u00e9 de R$ 12, mal d\u00e1 para duas semanas. Ent\u00e3o, um dia almo\u00e7o e em outro trago lanche. Assim vou esticando o vale at\u00e9 onde der\u201d, disse um trabalhador.<\/p>\n<p>\u00a0<\/p>\n<p>Outro afirma ter apenas hor\u00e1rio para entrar. \u201cQuando o servi\u00e7o aperta, que \u00e9 quase todos os dias, as pessoas dizem que n\u00e3o posso sair antes de terminar. \u00c0s vezes recebo horas extras por isso, mas em outras ocasi\u00f5es, n\u00e3o\u201d, disse.<\/p>\n<p>\u00a0<\/p>\n<p>Um ex-banc\u00e1rio, hoje terceirizado, recorda que quando estava na categoria recebia vale-refei\u00e7\u00e3o maior, tinha cesta-alimenta\u00e7\u00e3o e previd\u00eancia complementar. \u201cA maioria aqui era funcion\u00e1rio de banco que por extrema necessidade ficou nessa situa\u00e7\u00e3o, perdendo todos esses direitos. Quando ingressei na categoria, nos anos 90, a gente sa\u00eda de um banco e logo entrava em outro. Hoje s\u00e3o apenas seis, sendo que dois deles s\u00f3 se entra por meio de concursos p\u00fablicos. Jamais poderiam ter permitido uma concentra\u00e7\u00e3o banc\u00e1ria como essa, a categoria come\u00e7ou a sofrer a partir da\u00ed\u201d, disse.<\/p>\n<p>\u00a0<\/p>\n<p>\u00a0<\/p>\n<p><strong>N\u00e3o ao PL 4330<\/strong><\/p>\n<p>\u00a0<\/p>\n<p>O ex-banc\u00e1rio adverte para os riscos de a terceiriza\u00e7\u00e3o aumentar ainda mais \u2013 com a poss\u00edvel aprova\u00e7\u00e3o do PL 4330, atualmente em tr\u00e2mite na C\u00e2mara dos Deputados -, refor\u00e7ando a necessidade de a categoria se mobilizar para que isso n\u00e3o ocorra.<\/p>\n<p>\u00a0<\/p>\n<p>\u201cSe esse projeto que anda por a\u00ed for aprovado (PL 4330), n\u00e3o vai sobrar ningu\u00e9m. Os banc\u00e1rios passaram a ser iguais aos dinossauros que, apesar de grandes e fortes, foram extintos\u201d, conclui.<\/p>\n<p>\u00a0<\/p>\n<p>\u00a0<\/p>\n<p><strong>Problemas comuns\u00a0<\/strong><\/p>\n<p>\u00a0<\/p>\n<p>O valor baixo para o vale-refei\u00e7\u00e3o, al\u00e9m de outros direitos reduzidos em rela\u00e7\u00e3o aos dos banc\u00e1rios, tamb\u00e9m afetam terceirizados que prestam servi\u00e7os a outros bancos, como no CA Brigadeiro, concentra\u00e7\u00e3o do Ita\u00fa que tem cerca de 1,2 mil terceirizados e 800 banc\u00e1rios.<\/p>\n<p>\u00a0<\/p>\n<p>L\u00e1, a reclama\u00e7\u00e3o de uma prestadora de servi\u00e7os \u00e9 contundente: \u201cFa\u00e7o as mesmas tarefas que os funcion\u00e1rios do banco e \u00e0s vezes trabalho at\u00e9 mais do que eles, mas o sal\u00e1rio n\u00e3o tem nem compara\u00e7\u00e3o, fora os benef\u00edcios. Eu s\u00f3 tenho plano de sa\u00fade e R$ 13 por dia de vale-refei\u00e7\u00e3o\u201d, conta a terceirizada.<\/p>\n<p>\u00a0<\/p>\n<p>Fonte: Contraf-CUT com Seeb S\u00e3o Paulo<\/p>\n","protected":false},"excerpt":{"rendered":"<p>Durante a greve no Centro Administrativo Santander 2, na zona sul, e no CA Brigadeiro, do Ita\u00fa, na regi\u00e3o da Avenida Paulista, trabalhadores que prestam servi\u00e7os para os bancos alertaram a categoria para a amea\u00e7a que a terceiriza\u00e7\u00e3o representa para os direitos garantidos pela CLT e pela conven\u00e7\u00e3o coletiva dos banc\u00e1rios. \u00a0 Dentre os relatos [&hellip;]<\/p>\n","protected":false},"author":1,"featured_media":0,"comment_status":"","ping_status":"","sticky":false,"template":"","format":"standard","meta":{"footnotes":""},"categories":[3],"tags":[],"class_list":["post-1509","post","type-post","status-publish","format-standard","hentry","category-noticias"],"_links":{"self":[{"href":"https:\/\/hostnetart.com.br\/baixada\/wp-json\/wp\/v2\/posts\/1509","targetHints":{"allow":["GET"]}}],"collection":[{"href":"https:\/\/hostnetart.com.br\/baixada\/wp-json\/wp\/v2\/posts"}],"about":[{"href":"https:\/\/hostnetart.com.br\/baixada\/wp-json\/wp\/v2\/types\/post"}],"author":[{"embeddable":true,"href":"https:\/\/hostnetart.com.br\/baixada\/wp-json\/wp\/v2\/users\/1"}],"replies":[{"embeddable":true,"href":"https:\/\/hostnetart.com.br\/baixada\/wp-json\/wp\/v2\/comments?post=1509"}],"version-history":[{"count":0,"href":"https:\/\/hostnetart.com.br\/baixada\/wp-json\/wp\/v2\/posts\/1509\/revisions"}],"wp:attachment":[{"href":"https:\/\/hostnetart.com.br\/baixada\/wp-json\/wp\/v2\/media?parent=1509"}],"wp:term":[{"taxonomy":"category","embeddable":true,"href":"https:\/\/hostnetart.com.br\/baixada\/wp-json\/wp\/v2\/categories?post=1509"},{"taxonomy":"post_tag","embeddable":true,"href":"https:\/\/hostnetart.com.br\/baixada\/wp-json\/wp\/v2\/tags?post=1509"}],"curies":[{"name":"wp","href":"https:\/\/api.w.org\/{rel}","templated":true}]}}