{"id":15089,"date":"2024-03-19T14:09:17","date_gmt":"2024-03-19T17:09:17","guid":{"rendered":"https:\/\/hostnetart.com.br\/baixada\/movimento-sindical-repudia-retomada-de-subsidiaria-para-controlar-loterias-da-caixa\/"},"modified":"2024-03-19T14:09:17","modified_gmt":"2024-03-19T17:09:17","slug":"movimento-sindical-repudia-retomada-de-subsidiaria-para-controlar-loterias-da-caixa","status":"publish","type":"post","link":"https:\/\/hostnetart.com.br\/baixada\/movimento-sindical-repudia-retomada-de-subsidiaria-para-controlar-loterias-da-caixa\/","title":{"rendered":"Movimento Sindical repudia retomada de subsidi\u00e1ria para controlar Loterias da Caixa"},"content":{"rendered":"<p>O Movimento Sindical, atrav\u00e9s da\u00a0Confedera\u00e7\u00e3o Nacional dos Trabalhadores do Ramo Financeiro da CUT (Contraf-CUT) enviou, nesta segunda-feira (18), um\u00a0<a href=\"https:\/\/contrafcut.com.br\/of-05423-loterias-caixa-solicitacao-de-orientacao-ao-conselho-de-administracao-da-caixa\/\" target=\"_blank\" rel=\"noopener noreferrer\">of\u00edcio ao ministro da Fazenda<\/a>, Fernando Haddad, em que manifesta sua preocupa\u00e7\u00e3o com a possibilidade de transfer\u00eancia das Loterias da Caixa Econ\u00f4mica Federal para uma subsidi\u00e1ria e solicitando o aux\u00edlio do ministro para suspens\u00e3o da pauta, pois a medida pode comprometer o papel social do banco.<\/p>\n<p>\u201cQueremos que esta pauta seja suspensa e seja aberto o di\u00e1logo com o movimento sindical, pois entendemos que as Loterias exercem um importante papel social\u201d, disse a presidenta da Confedera\u00e7\u00e3o Nacional dos Trabalhadores do Ramo Financeiro (Contraf-CUT) e vice-presidenta da CUT, Juvandia Moreira. \u201cLevar as loterias para uma subsidi\u00e1ria, pode facilitar a privatiza\u00e7\u00e3o em um eventual governo privatista\u201d, completou.<\/p>\n<p>\u201cAp\u00f3s a\u00e7\u00e3o movida pela Contraf-CUT, o Supremo Tribunal Federal (STF) decidiu que as privatiza\u00e7\u00f5es de empresas p\u00fablicas devem ser aprovadas pelo Congresso Nacional, exceto quando se tratar de subsidi\u00e1rias\u201d, acrescentou a ex-coordenadora da Comiss\u00e3o Executiva dos Empregados (CEE) da Caixa, rec\u00e9m-eleita para representar os trabalhadores no Conselho de Administra\u00e7\u00e3o do banco, Fabiana Uehara Proscholdt.<\/p>\n<p>No of\u00edcio, a Contraf-CUT ressalta que foi surpreendida \u201ccom informa\u00e7\u00f5es divulgadas na imprensa de que o Conselho de Administra\u00e7\u00e3o da Caixa Econ\u00f4mica Federal dever\u00e1 votar proposta de transformar as Loterias do banco p\u00fablico em uma subsidi\u00e1ria.\u201d<\/p>\n<p>\u201cEsta medida j\u00e1 havia sido\u00a0<a href=\"https:\/\/contrafcut.com.br\/noticias\/leilao-de-loterias-e-adiado-pela-sexta-vez\" target=\"_blank\" rel=\"noopener noreferrer\">tentada por governos anteriores<\/a>. N\u00f3s da Contraf-CUT e de outras entidades representativas das empregadas e empregados nos posicionamos contra a transfer\u00eancia das Loterias para a subsidi\u00e1ria, n\u00e3o apenas por entender que a medida pode ser o primeiro passo para a privatiza\u00e7\u00e3o das loterias, mas tamb\u00e9m por saber que a medida enfraquece o papel social do banco p\u00fablico\u201d, refor\u00e7ou a empregada da Caixa e diretora executiva da Contraf-CUT, Eliana Brasil.<\/p>\n<p>A import\u00e2ncia das Loterias para a redu\u00e7\u00e3o das desigualdades sociais no pa\u00eds, por meio do repasse de recursos \u00e0s pol\u00edticas sociais, tamb\u00e9m foi lembrada pela Contraf-CUT. \u201cCerca de 40% do lucro da Caixa Loterias \u00e9 para investimentos em sa\u00fade, educa\u00e7\u00e3o e projeto sociais\u201d, ressalta o of\u00edcio.<\/p>\n<p>Em outro trecho, o texto refor\u00e7a que, \u201cem 2023, dos 23,4 bilh\u00f5es arrecadados em Loterias, 9,2 bilh\u00f5es foram para destina\u00e7\u00e3o social. Um exemplo disso \u00e9 a promo\u00e7\u00e3o da cidadania e inclus\u00e3o social de mais de 13 mil crian\u00e7as e adolescentes por meio do patroc\u00ednio ao esporte\u201d e que, \u201ccom uma eventual privatiza\u00e7\u00e3o das Loterias, perde a sociedade e o governo, porque haveria uma queda significativa das receitas destinadas a programas sociais.\u201d<\/p>\n<p><strong>Fonte: Contraf-CUT<\/strong><\/p>\n","protected":false},"excerpt":{"rendered":"<p>O Movimento Sindical, atrav\u00e9s da\u00a0Confedera\u00e7\u00e3o Nacional dos Trabalhadores do Ramo Financeiro da CUT (Contraf-CUT) enviou, nesta segunda-feira (18), um\u00a0of\u00edcio ao ministro da Fazenda, Fernando Haddad, em que manifesta sua preocupa\u00e7\u00e3o com a possibilidade de transfer\u00eancia das Loterias da Caixa Econ\u00f4mica Federal para uma subsidi\u00e1ria e solicitando o aux\u00edlio do ministro para suspens\u00e3o da pauta, pois [&hellip;]<\/p>\n","protected":false},"author":2,"featured_media":15088,"comment_status":"","ping_status":"","sticky":false,"template":"","format":"standard","meta":{"footnotes":""},"categories":[3],"tags":[],"class_list":["post-15089","post","type-post","status-publish","format-standard","has-post-thumbnail","hentry","category-noticias"],"_links":{"self":[{"href":"https:\/\/hostnetart.com.br\/baixada\/wp-json\/wp\/v2\/posts\/15089","targetHints":{"allow":["GET"]}}],"collection":[{"href":"https:\/\/hostnetart.com.br\/baixada\/wp-json\/wp\/v2\/posts"}],"about":[{"href":"https:\/\/hostnetart.com.br\/baixada\/wp-json\/wp\/v2\/types\/post"}],"author":[{"embeddable":true,"href":"https:\/\/hostnetart.com.br\/baixada\/wp-json\/wp\/v2\/users\/2"}],"replies":[{"embeddable":true,"href":"https:\/\/hostnetart.com.br\/baixada\/wp-json\/wp\/v2\/comments?post=15089"}],"version-history":[{"count":0,"href":"https:\/\/hostnetart.com.br\/baixada\/wp-json\/wp\/v2\/posts\/15089\/revisions"}],"wp:featuredmedia":[{"embeddable":true,"href":"https:\/\/hostnetart.com.br\/baixada\/wp-json\/wp\/v2\/media\/15088"}],"wp:attachment":[{"href":"https:\/\/hostnetart.com.br\/baixada\/wp-json\/wp\/v2\/media?parent=15089"}],"wp:term":[{"taxonomy":"category","embeddable":true,"href":"https:\/\/hostnetart.com.br\/baixada\/wp-json\/wp\/v2\/categories?post=15089"},{"taxonomy":"post_tag","embeddable":true,"href":"https:\/\/hostnetart.com.br\/baixada\/wp-json\/wp\/v2\/tags?post=15089"}],"curies":[{"name":"wp","href":"https:\/\/api.w.org\/{rel}","templated":true}]}}