{"id":15085,"date":"2024-03-15T19:53:05","date_gmt":"2024-03-15T22:53:05","guid":{"rendered":"https:\/\/hostnetart.com.br\/baixada\/gt-de-saude-do-itau-volta-a-se-reunir\/"},"modified":"2024-03-15T19:53:05","modified_gmt":"2024-03-15T22:53:05","slug":"gt-de-saude-do-itau-volta-a-se-reunir","status":"publish","type":"post","link":"https:\/\/hostnetart.com.br\/baixada\/gt-de-saude-do-itau-volta-a-se-reunir\/","title":{"rendered":"GT de Sa\u00fade do Ita\u00fa volta a se reunir"},"content":{"rendered":"<p>Nesta sexta-feira, 15 de mar\u00e7o, o Grupo de Trabalho (GT) de Sa\u00fade do Ita\u00fa voltou a cobrar da dire\u00e7\u00e3o do banco, o prosseguimento das negocia\u00e7\u00f5es das cl\u00e1usulas 61 e 87, da Conven\u00e7\u00e3o Coletiva de Trabalho (CCT). A primeira trata da preven\u00e7\u00e3o de conflitos e ass\u00e9dio moral no local de trabalho e dos canais de den\u00fancia. A segunda, por sua vez, aborda as formas de acompanhamento das metas por parte dos bancos.<\/p>\n<p>Os representantes dos trabalhadores tamb\u00e9m questionaram sobre o Programa de Controle M\u00e9dico de Sa\u00fade Ocupacional (PCMSO), Fluxo de afastamento e Programa de Retorno. O banco remeteu os pontos da Cl\u00e1usula 61 e PCMSO para que seja tratado pela <a href=\"https:\/\/contrafcut.com.br\/noticias\/dengue-covid-19-e-clausula-61-pautam-mesa-bipartite-de-saude\/?swcfpc=1\" target=\"_blank\" rel=\"noopener noreferrer\">mesa bipartite de sa\u00fade<\/a>.<\/p>\n<p>Sobre a Cl\u00e1usula 87, foi reivindicado a constru\u00e7\u00e3o de um documento em conjunto sobre acompanhamento de metas. O tema volta a ser debatido em outra oportunidade.<\/p>\n<h3>Fluxo de afastamento<\/h3>\n<p>O Ita\u00fa apresentou o fluxo de afastamento, no qual o trabalhador cadastra seu atestado no IU Conecta para dar in\u00edcio a sua licen\u00e7a. Os dirigentes sindicais questionaram o banco sobre os trabalhadores que est\u00e3o licenciados e n\u00e3o t\u00eam acesso ao aplicativo. O banco respondeu que o motivo do acesso ser cortado \u00e9 falta de atualiza\u00e7\u00e3o cadastral para renova\u00e7\u00e3o de senha, feita a cada 60 dias.<\/p>\n<p>\u201cPor isso \u00e9 muito importante a atualiza\u00e7\u00e3o do e-mail e telefone. Pelo IU, o banc\u00e1rio \u00e9 comunicado da necessidade e a data da per\u00edcia agendada, como tamb\u00e9m recebe o Declara\u00e7\u00e3o do \u00daltimo dia Trabalhado, a DUT, na data do \u00faltimo dia trabalhado\u201d, salientou Valeska Pincovai.<\/p>\n<p>O banco alega que, no fluxo, todas as informa\u00e7\u00f5es s\u00e3o repassadas. Os representantes dos trabalhadores disseram que os banc\u00e1rios continuam enfrentando problemas como desvio de documenta\u00e7\u00e3o, data de DUT com erro, demora nas respostas dos problemas repassados ao banco e total falta de informa\u00e7\u00e3o. O Ita\u00fa se comprometeu a trabalhar nas melhorias.<\/p>\n<p>Os representantes dos trabalhadores expuseram a necessidade de um atendimento humanizado para acolher o trabalhador. \u201cNa hora do adoecimento, ele fica fragilizado e precisa desta aten\u00e7\u00e3o por profissionais especializados\u201d, afirmou Valeska.<\/p>\n<p>Tamb\u00e9m foram relatados problemas com o atendimento da Central de Pessoas. \u201cApontamos as falhas na comunica\u00e7\u00e3o e a necessidade da cria\u00e7\u00e3o de uma cartilha do fluxo de afastamento, e o banco aceitou que fa\u00e7amos em conjunto. Tamb\u00e9m nos apresentaram uma p\u00e1gina interna chamada Conex\u00e3o Sa\u00fade, na qual estas informa\u00e7\u00f5es s\u00e3o disponibilizadas\u201d, explicou a dirigente sindical.<\/p>\n<p>O GT ainda levou \u00e0 mesa de negocia\u00e7\u00e3o o problema que algumas bases est\u00e3o enfrentando com os planos de sa\u00fade e ficou combinado que ser\u00e1 definida uma data para realiza\u00e7\u00e3o do debate.<\/p>\n<p>A pr\u00f3xima reuni\u00e3o ter\u00e1 como pauta a constru\u00e7\u00e3o da cartilha de fluxo de afastamento e a apresenta\u00e7\u00e3o das melhorias no Programa de Retorno Recomece.<\/p>\n<p>\u201cApesar das melhorias na \u00c1rea de Licen\u00e7as, apresentadas pelo banco, o que chega para os sindicatos \u00e9 um total descaso com as pessoas que adoecem que ficam sem informa\u00e7\u00f5es e perdidas quando se afastam, por isso, a necessidade da melhoria na comunica\u00e7\u00e3o e acolhimento\u201d, finalizou Valeska Pincovai.<\/p>\n<p><strong>Fonte: Contraf-CUT<\/strong><\/p>\n","protected":false},"excerpt":{"rendered":"<p>Nesta sexta-feira, 15 de mar\u00e7o, o Grupo de Trabalho (GT) de Sa\u00fade do Ita\u00fa voltou a cobrar da dire\u00e7\u00e3o do banco, o prosseguimento das negocia\u00e7\u00f5es das cl\u00e1usulas 61 e 87, da Conven\u00e7\u00e3o Coletiva de Trabalho (CCT). A primeira trata da preven\u00e7\u00e3o de conflitos e ass\u00e9dio moral no local de trabalho e dos canais de den\u00fancia. [&hellip;]<\/p>\n","protected":false},"author":2,"featured_media":15084,"comment_status":"","ping_status":"","sticky":false,"template":"","format":"standard","meta":{"footnotes":""},"categories":[3],"tags":[],"class_list":["post-15085","post","type-post","status-publish","format-standard","has-post-thumbnail","hentry","category-noticias"],"_links":{"self":[{"href":"https:\/\/hostnetart.com.br\/baixada\/wp-json\/wp\/v2\/posts\/15085","targetHints":{"allow":["GET"]}}],"collection":[{"href":"https:\/\/hostnetart.com.br\/baixada\/wp-json\/wp\/v2\/posts"}],"about":[{"href":"https:\/\/hostnetart.com.br\/baixada\/wp-json\/wp\/v2\/types\/post"}],"author":[{"embeddable":true,"href":"https:\/\/hostnetart.com.br\/baixada\/wp-json\/wp\/v2\/users\/2"}],"replies":[{"embeddable":true,"href":"https:\/\/hostnetart.com.br\/baixada\/wp-json\/wp\/v2\/comments?post=15085"}],"version-history":[{"count":0,"href":"https:\/\/hostnetart.com.br\/baixada\/wp-json\/wp\/v2\/posts\/15085\/revisions"}],"wp:featuredmedia":[{"embeddable":true,"href":"https:\/\/hostnetart.com.br\/baixada\/wp-json\/wp\/v2\/media\/15084"}],"wp:attachment":[{"href":"https:\/\/hostnetart.com.br\/baixada\/wp-json\/wp\/v2\/media?parent=15085"}],"wp:term":[{"taxonomy":"category","embeddable":true,"href":"https:\/\/hostnetart.com.br\/baixada\/wp-json\/wp\/v2\/categories?post=15085"},{"taxonomy":"post_tag","embeddable":true,"href":"https:\/\/hostnetart.com.br\/baixada\/wp-json\/wp\/v2\/tags?post=15085"}],"curies":[{"name":"wp","href":"https:\/\/api.w.org\/{rel}","templated":true}]}}