{"id":1508,"date":"2013-09-25T00:00:00","date_gmt":"2013-09-25T03:00:00","guid":{"rendered":"https:\/\/hostnetart.com.br\/baixada\/greve-entra-na-segunda-semana-ainda-mais-forte-e-paralisa-9-015-agencias\/"},"modified":"2013-09-25T00:00:00","modified_gmt":"2013-09-25T03:00:00","slug":"greve-entra-na-segunda-semana-ainda-mais-forte-e-paralisa-9-015-agencias","status":"publish","type":"post","link":"https:\/\/hostnetart.com.br\/baixada\/greve-entra-na-segunda-semana-ainda-mais-forte-e-paralisa-9-015-agencias\/","title":{"rendered":"Greve entra na segunda semana ainda mais forte e paralisa 9.015 ag\u00eancias"},"content":{"rendered":"<p>Diante do sil\u00eancio dos bancos, a greve nacional dos banc\u00e1rios entrou na segunda semana ainda mais forte, e continua crescendo em todo o territ\u00f3rio nacional. Nesta segunda-feira 23, quinto dia do movimento, as paralisa\u00e7\u00f5es atingiram 9.015 ag\u00eancias e centros administrativos de bancos p\u00fablicos e privados nos 26 estados e Distrito Federal, um crescimento de 23,8% em rela\u00e7\u00e3o \u00e0 sexta-feira 20.<\/p>\n<p>\u00a0<\/p>\n<p>As informa\u00e7\u00f5es foram enviadas \u00e0 Confedera\u00e7\u00e3o Nacional dos Trabalhadores do Ramo Financeiro (Contraf-CUT) at\u00e9 as 18h15 pelos 143 sindicatos que integram o Comando Nacional dos Banc\u00e1rios. No primeiro dia de greve, na quinta-feira 19, haviam sido fechadas 6.145 unidades. J\u00e1 no segundo dia as paralisa\u00e7\u00f5es alcan\u00e7aram 7.282 depend\u00eancias, um salto de 18,5%.<\/p>\n<p>\u00a0<\/p>\n<p>\u201cOs banc\u00e1rios est\u00e3o cada vez mais indignados com o sil\u00eancio da Fenaban. Por isso o movimento se amplia rapidamente a cada dia em todo o pa\u00eds. Os banqueiros n\u00e3o atenderam as reivindica\u00e7\u00f5es da categoria na mesa de negocia\u00e7\u00e3o e agora est\u00e3o sentindo a for\u00e7a da mobiliza\u00e7\u00e3o\u201d, afirma Carlos Cordeiro, presidente da Contraf-CUT e coordenador do Comando Nacional.<\/p>\n<p>\u00a0<\/p>\n<p>\u201cOs bancos s\u00e3o o setor mais rent\u00e1vel da economia brasileira gra\u00e7as principalmente ao aumento da produtividade dos banc\u00e1rios. As seis maiores institui\u00e7\u00f5es, que empregam mais de 90% da categoria, tiveram lucro l\u00edquido de R$ 29,6 bilh\u00f5es s\u00f3 no primeiro semestre. Mais de 84% das categorias que fecharam acordo este ano conquistaram reajustes acima da infla\u00e7\u00e3o, mesmo nos segmentos com menor rentabilidade. Os banc\u00e1rios n\u00e3o sair\u00e3o dessa greve sem aumento real de sal\u00e1rio, valoriza\u00e7\u00e3o do piso e melhores condi\u00e7\u00f5es de trabalho\u201d, adverte Carlos Cordeiro.<\/p>\n<p>\u00a0<\/p>\n<p><a href=\"http:\/\/www.contrafcut.org.br\/download\/Arquivo\/13826204652.jpg\" target=\"_blank\" rel=\"noopener noreferrer\">Confira aqui<\/a>\u00a0o aumento da produtividade dos banc\u00e1rios.<\/p>\n<p>\u00a0<\/p>\n<p>Os banc\u00e1rios aprovaram a greve por tempo indeterminado nas assembleias realizadas em todo o pa\u00eds no dia 12, depois de quatro rodadas duplas de negocia\u00e7\u00e3o com a Fenaban. Os bancos apresentaram a \u00fanica proposta no dia 5 de setembro, com reajuste de 6,1% (que apenas rep\u00f5e a infla\u00e7\u00e3o), rejeitada pelos banc\u00e1rios em assembleias em todo o pa\u00eds.<\/p>\n<p>\u00a0<\/p>\n<p>\u00a0<\/p>\n<p><strong>As principais reivindica\u00e7\u00f5es dos banc\u00e1rios<\/strong><\/p>\n<p>\u00a0<\/p>\n<p>&gt; Reajuste salarial de 11,93% (5% de aumento real al\u00e9m da infla\u00e7\u00e3o)<\/p>\n<p>&gt; PLR: tr\u00eas sal\u00e1rios mais R$ 5.553,15.<\/p>\n<p>&gt; Piso: R$ 2.860,21 (sal\u00e1rio m\u00ednimo do Dieese).<\/p>\n<p>&gt; Aux\u00edlios alimenta\u00e7\u00e3o, refei\u00e7\u00e3o, 13\u00aa cesta e aux\u00edlio-creche\/bab\u00e1: R$ 678 ao m\u00eas para cada (sal\u00e1rio m\u00ednimo nacional).<\/p>\n<p>&gt; Melhores condi\u00e7\u00f5es de trabalho, com o fim das metas abusivas e do ass\u00e9dio moral que adoece os banc\u00e1rios.<\/p>\n<p>&gt; Emprego: fim das demiss\u00f5es, mais contrata\u00e7\u00f5es, aumento da inclus\u00e3o banc\u00e1ria, combate \u00e0s terceiriza\u00e7\u00f5es, especialmente ao PL 4330 que precariza as condi\u00e7\u00f5es de trabalho, al\u00e9m da aplica\u00e7\u00e3o da Conven\u00e7\u00e3o 158 da OIT, que pro\u00edbe as dispensas imotivadas.<\/p>\n<p>&gt; Plano de Cargos, Carreiras e Sal\u00e1rios (PCCS) para todos os banc\u00e1rios.<\/p>\n<p>&gt; Aux\u00edlio-educa\u00e7\u00e3o: pagamento para gradua\u00e7\u00e3o e p\u00f3s-gradua\u00e7\u00e3o.<\/p>\n<p>&gt; Preven\u00e7\u00e3o contra assaltos e sequestros, com o fim da guarda das chaves de cofres e ag\u00eancias por banc\u00e1rios.<\/p>\n<p>&gt; Igualdade de oportunidades para banc\u00e1rios e banc\u00e1rias, com a contrata\u00e7\u00e3o de pelo menos 20% de negros e negras.<\/p>\n<p>\u00a0<br \/>Fonte: Contraf-CUT<\/p>\n","protected":false},"excerpt":{"rendered":"<p>Diante do sil\u00eancio dos bancos, a greve nacional dos banc\u00e1rios entrou na segunda semana ainda mais forte, e continua crescendo em todo o territ\u00f3rio nacional. Nesta segunda-feira 23, quinto dia do movimento, as paralisa\u00e7\u00f5es atingiram 9.015 ag\u00eancias e centros administrativos de bancos p\u00fablicos e privados nos 26 estados e Distrito Federal, um crescimento de 23,8% [&hellip;]<\/p>\n","protected":false},"author":1,"featured_media":0,"comment_status":"","ping_status":"","sticky":false,"template":"","format":"standard","meta":{"footnotes":""},"categories":[3],"tags":[],"class_list":["post-1508","post","type-post","status-publish","format-standard","hentry","category-noticias"],"_links":{"self":[{"href":"https:\/\/hostnetart.com.br\/baixada\/wp-json\/wp\/v2\/posts\/1508","targetHints":{"allow":["GET"]}}],"collection":[{"href":"https:\/\/hostnetart.com.br\/baixada\/wp-json\/wp\/v2\/posts"}],"about":[{"href":"https:\/\/hostnetart.com.br\/baixada\/wp-json\/wp\/v2\/types\/post"}],"author":[{"embeddable":true,"href":"https:\/\/hostnetart.com.br\/baixada\/wp-json\/wp\/v2\/users\/1"}],"replies":[{"embeddable":true,"href":"https:\/\/hostnetart.com.br\/baixada\/wp-json\/wp\/v2\/comments?post=1508"}],"version-history":[{"count":0,"href":"https:\/\/hostnetart.com.br\/baixada\/wp-json\/wp\/v2\/posts\/1508\/revisions"}],"wp:attachment":[{"href":"https:\/\/hostnetart.com.br\/baixada\/wp-json\/wp\/v2\/media?parent=1508"}],"wp:term":[{"taxonomy":"category","embeddable":true,"href":"https:\/\/hostnetart.com.br\/baixada\/wp-json\/wp\/v2\/categories?post=1508"},{"taxonomy":"post_tag","embeddable":true,"href":"https:\/\/hostnetart.com.br\/baixada\/wp-json\/wp\/v2\/tags?post=1508"}],"curies":[{"name":"wp","href":"https:\/\/api.w.org\/{rel}","templated":true}]}}