{"id":15075,"date":"2024-03-14T03:12:00","date_gmt":"2024-03-14T06:12:00","guid":{"rendered":"https:\/\/hostnetart.com.br\/baixada\/jovens-trabalhadores-sao-cruciais-para-enfrentar-a-crise-climatica-avalia-uni-juventude\/"},"modified":"2024-03-14T03:12:00","modified_gmt":"2024-03-14T06:12:00","slug":"jovens-trabalhadores-sao-cruciais-para-enfrentar-a-crise-climatica-avalia-uni-juventude","status":"publish","type":"post","link":"https:\/\/hostnetart.com.br\/baixada\/jovens-trabalhadores-sao-cruciais-para-enfrentar-a-crise-climatica-avalia-uni-juventude\/","title":{"rendered":"Jovens trabalhadores s\u00e3o cruciais para enfrentar a crise clim\u00e1tica, avalia UNI Juventude"},"content":{"rendered":"<p>O papel do movimento sindical no enfrentamento \u00e0 crise clim\u00e1tica foi o tema central do encontro \u201cConstruindo um Futuro Sustent\u00e1vel\u201d, que reuniu cerca de 60 jovens trabalhadores e sindicalistas de todo o mundo, na sede da Uni Global Union, em Nyon, na Su\u00ed\u00e7a, entre os dias 20 e 22 de fevereiro.<\/p>\n<p>\u201cAs vozes dos jovens trabalhadores s\u00e3o cruciais e desempenhar\u00e3o um papel fundamental na defini\u00e7\u00e3o da forma como os sindicatos podem trabalhar em conjunto para enfrentar a crise clim\u00e1tica\u201d, disse em nota a entidade organizadora do evento, a UNI Youth (Juventude), bra\u00e7o da Uni Global Union \u2013 federa\u00e7\u00e3o sindical global presente em mais de 150 pa\u00edses e que representa mais de 20 milh\u00f5es de trabalhadoras e trabalhadores.<\/p>\n<p>\u201cUm dos pap\u00e9is do movimento sindical, nesta discuss\u00e3o, \u00e9 buscar pelos direitos ambientais aos trabalhadores. Com isso, refor\u00e7ar o alerta aos governos e \u00e0 sociedade sobre a urg\u00eancia na tomada decis\u00f5es que s\u00e3o fundamentais para o futuro da humanidade\u201d, explicou a secret\u00e1ria da Juventude da Confedera\u00e7\u00e3o Nacional dos Trabalhadores do Ramo Financeiro (Contraf-CUT), Bianca Garbelini, que representou o Brasil no encontro.<\/p>\n<p>Cientistas do mundo inteiro apontam que a emerg\u00eancia clim\u00e1tica \u00e9 um caminho sem volta e maior amea\u00e7a da atualidade \u00e0 coexist\u00eancia entre humanos, fauna dom\u00e9stica e silvestre. Mas \u00e9 poss\u00edvel minimizar os impactos da crise, com atua\u00e7\u00e3o conjunta de v\u00e1rios setores da economia, da sociedade e dos governos.<\/p>\n<p>\u201cA diversidade de pessoas no encontro (que contou com representantes de 43 entidades de 31 pa\u00edses e 11 setores diferentes) foi fundamental e enriqueceu os debates, para entendermos como o aquecimento global afeta de maneira diferente os pa\u00edses do norte e os pa\u00edses do sul global\u201d, destacou Bia. \u201cApesar de os pa\u00edses ricos serem os principais emissores de gases de efeito estufa, especificamente o CO2 (di\u00f3xido de carbono), s\u00e3o os pa\u00edses do sul os mais afetados pela crise clim\u00e1tica, especialmente com o agravamento das desigualdades sociais j\u00e1 enfrentadas por eles\u201d, completou.<\/p>\n<h3>Desenvolvimento sustent\u00e1vel e transi\u00e7\u00e3o justa<\/h3>\n<p>O debate sobre o desenvolvimento sustent\u00e1vel, em todo o mundo, vem girando em torno da transi\u00e7\u00e3o para uma economia de baixo carbono, o que levar\u00e1 a mudan\u00e7as em v\u00e1rios setores trabalhistas. Por isso, uma das bandeiras do movimento sindicalista mundial \u00e9 por uma transi\u00e7\u00e3o justa, que crie oportunidades de trabalho decente, com apoio aos trabalhadores que perderem seus empregos, seja em raz\u00e3o das mudan\u00e7as clim\u00e1ticas, seja por conta da convers\u00e3o da matriz energ\u00e9tica.<\/p>\n<p>\u201cTemos que garantir a transi\u00e7\u00e3o justa para profiss\u00f5es que tendem a desaparecer por causa do endurecimento de leis contra uso de combust\u00edveis f\u00f3sseis e outras formas de redu\u00e7\u00e3o de emiss\u00f5es de gases\u201d, explicou Bia Garbelini, lembrando que, aqui no Brasil, a Central \u00danica dos Trabalhadores (CUT) criou, em 2023, a Secretaria de Meio Ambiente, na defesa do desenvolvimento sustent\u00e1vel e transi\u00e7\u00e3o justa. \u201cColetivamente precisamos de for\u00e7a para exigir dos governos regula\u00e7\u00f5es mais duras e das grandes empresas que se comprometam com a sustentabilidade, sem a retirada de direitos dos trabalhadores\u201d, pontuou.<\/p>\n<h3>Educar, adaptar e mitigar<\/h3>\n<p>Entre as a\u00e7\u00f5es poss\u00edveis, ressaltadas no encontro \u201cConstruindo um Futuro Sustent\u00e1vel\u201d, est\u00e3o a de adapta\u00e7\u00e3o, como a necessidade de os empregadores fornecerem EPIs (Equipamento de Prote\u00e7\u00e3o Individual) contra raios UV, por exemplo, aos trabalhadores que s\u00e3o expostos ao clima.<\/p>\n<p>Na a\u00e7\u00e3o de mitiga\u00e7\u00e3o foi destacada a urg\u00eancia da transi\u00e7\u00e3o energ\u00e9tica \u2013 troca das matrizes f\u00f3sseis (petr\u00f3leo, g\u00e1s natural e carv\u00e3o) pelas fontes renov\u00e1veis (como sol, \u00e1gua, vento e biomassa), que emitem menos gases que causam o efeito estufa.<\/p>\n<p>J\u00e1 as a\u00e7\u00f5es propostas no \u00e2mbito educacional foram voltadas \u00e0 conscientiza\u00e7\u00e3o, para que a sociedade compreenda os riscos iminentes e tenha instrumentos para pressionar os governos e empresas a cumprir seus papeis na quest\u00e3o ambiental.<\/p>\n<p>\u201cO objetivo do workshop foi nos capacitar para levarmos conhecimento \u00e0s bases e, assim, construir ferramentas para defender um futuro sustent\u00e1vel; e acredito que esse objetivo foi alcan\u00e7ado\u201d, concluiu Bia Garbelini.<\/p>\n<p><strong>Fonte: Contraf-CUT<\/strong><\/p>\n","protected":false},"excerpt":{"rendered":"<p>O papel do movimento sindical no enfrentamento \u00e0 crise clim\u00e1tica foi o tema central do encontro \u201cConstruindo um Futuro Sustent\u00e1vel\u201d, que reuniu cerca de 60 jovens trabalhadores e sindicalistas de todo o mundo, na sede da Uni Global Union, em Nyon, na Su\u00ed\u00e7a, entre os dias 20 e 22 de fevereiro. \u201cAs vozes dos jovens [&hellip;]<\/p>\n","protected":false},"author":2,"featured_media":15074,"comment_status":"","ping_status":"","sticky":false,"template":"","format":"standard","meta":{"footnotes":""},"categories":[3],"tags":[],"class_list":["post-15075","post","type-post","status-publish","format-standard","has-post-thumbnail","hentry","category-noticias"],"_links":{"self":[{"href":"https:\/\/hostnetart.com.br\/baixada\/wp-json\/wp\/v2\/posts\/15075","targetHints":{"allow":["GET"]}}],"collection":[{"href":"https:\/\/hostnetart.com.br\/baixada\/wp-json\/wp\/v2\/posts"}],"about":[{"href":"https:\/\/hostnetart.com.br\/baixada\/wp-json\/wp\/v2\/types\/post"}],"author":[{"embeddable":true,"href":"https:\/\/hostnetart.com.br\/baixada\/wp-json\/wp\/v2\/users\/2"}],"replies":[{"embeddable":true,"href":"https:\/\/hostnetart.com.br\/baixada\/wp-json\/wp\/v2\/comments?post=15075"}],"version-history":[{"count":0,"href":"https:\/\/hostnetart.com.br\/baixada\/wp-json\/wp\/v2\/posts\/15075\/revisions"}],"wp:featuredmedia":[{"embeddable":true,"href":"https:\/\/hostnetart.com.br\/baixada\/wp-json\/wp\/v2\/media\/15074"}],"wp:attachment":[{"href":"https:\/\/hostnetart.com.br\/baixada\/wp-json\/wp\/v2\/media?parent=15075"}],"wp:term":[{"taxonomy":"category","embeddable":true,"href":"https:\/\/hostnetart.com.br\/baixada\/wp-json\/wp\/v2\/categories?post=15075"},{"taxonomy":"post_tag","embeddable":true,"href":"https:\/\/hostnetart.com.br\/baixada\/wp-json\/wp\/v2\/tags?post=15075"}],"curies":[{"name":"wp","href":"https:\/\/api.w.org\/{rel}","templated":true}]}}