{"id":15071,"date":"2024-03-12T17:33:43","date_gmt":"2024-03-12T20:33:43","guid":{"rendered":"https:\/\/hostnetart.com.br\/baixada\/funcionario-do-itau-e-reintegrado-pelo-sindicato-dos-bancarios-da-baixada-fluminense-3\/"},"modified":"2024-03-12T17:33:43","modified_gmt":"2024-03-12T20:33:43","slug":"funcionario-do-itau-e-reintegrado-pelo-sindicato-dos-bancarios-da-baixada-fluminense-3","status":"publish","type":"post","link":"https:\/\/hostnetart.com.br\/baixada\/funcionario-do-itau-e-reintegrado-pelo-sindicato-dos-bancarios-da-baixada-fluminense-3\/","title":{"rendered":"Funcion\u00e1rio do Ita\u00fa \u00e9 reintegrado pelo Sindicato dos Banc\u00e1rios da Baixada Fluminense"},"content":{"rendered":"<p>O <b>Sindicato dos Banc\u00e1rios da Baixada Fluminense<\/b> segue reintegrando banc\u00e1rias e banc\u00e1rios que foram demitidos. Desta vez, obteve decis\u00e3o liminar junto a 6\u00aa Turma do Tribunal Regional do Trabalho da 1\u00aa Regi\u00e3o, para que seja realizada a reintegra\u00e7\u00e3o de mais um funcion\u00e1rio do Banco Ita\u00fa.<\/p>\n<p>Nesta ter\u00e7a-feira, 12 de mar\u00e7o, o banc\u00e1rio Wellington Garcia Trov\u00e3o esteve da Sub-Sede do Sindicato, em Nova Igua\u00e7u, para tomar ci\u00eancia da decis\u00e3o, que dever\u00e1 ser cumprida pelo banco, no prazo de 10 dias, sob pena de multa di\u00e1ria, j\u00e1 estabelecida pelo tribunal.<\/p>\n<p>Vale ressaltar que o banc\u00e1rio iniciou o processo com outro escrit\u00f3rio mas considerou o andamento do processo n\u00e3o satisfat\u00f3rio. Foi quando procurou atendimento jur\u00eddico no Sindicato dos Banc\u00e1rios da Baixada Fluminense.<\/p>\n<p>A resposta n\u00e3o poderia ser melhor: reintegrado e todos os seus direitos de volta!<\/p>\n<p>Wellington \u00e9 funcion\u00e1rio da ag\u00eancia Get\u00falio Vargas, localizada em Belford Roxo.<\/p>\n<p>\u201cQuando fui desligado, um amigo me indicou um escrit\u00f3rio. Mas n\u00e3o foi a melhor decis\u00e3o, j\u00e1 que \u00e9 o Sindicato que tem um hist\u00f3rico grande de reintegra\u00e7\u00f5es. Agrade\u00e7o muito ao Departamento de Sa\u00fade e Jur\u00eddico que, mesmo tendo vindo de um escrit\u00f3rio particular, me atenderam e resolveram minha situa\u00e7\u00e3o da melhor maneira. Hoje estou reintegrado e dou uma dica para quem ainda n\u00e3o \u00e9: sindicalize-se! O Sindicato \u00e9 composto por funcion\u00e1rios de todos os bancos, que\u00a0sabem como \u00e9 a rotina, os problemas e demandas de n\u00f3s, trabalhadores banc\u00e1rios. Obrigado, Sindicato!\u201d.<\/p>\n<p><b>IMPORTANTE<\/b><\/p>\n<p>O trabalhador banc\u00e1rio foi prontamente atendido pelo Departamento Jur\u00eddico, atrav\u00e9s do advogado Luiz Paulo do Escrit\u00f3rio Baptista &amp; Reis Advogados Associados, e pelo Departamento de Sa\u00fade.<\/p>\n<p>\u00c9 fundamental que banc\u00e1rias e banc\u00e1rios, logo que sejam informados de suas demiss\u00f5es, procurem imediatamente atendimento no Sindicato.<\/p>\n<p><b>ATENDIMENTO JUR\u00cdDICO PRESENCIAL<\/b><\/p>\n<p>Nova Igua\u00e7u &#8211; \u00e0s ter\u00e7as-feiras, das 11 horas \u00e0 13 horas e das 14 horas \u00e0s 17 horas (telefone: 21 &#8211; 2658-8041)<\/p>\n<p>Duque de Caxias &#8211; \u00e0s quintas-feiras, das 10 horas \u00e0s 13 horas (telefone: 21 \/ 26710-110)<\/p>\n<p><b>SINDICALIZE-SE<\/b><\/p>\n","protected":false},"excerpt":{"rendered":"<p>O Sindicato dos Banc\u00e1rios da Baixada Fluminense segue reintegrando banc\u00e1rias e banc\u00e1rios que foram demitidos. Desta vez, obteve decis\u00e3o liminar junto a 6\u00aa Turma do Tribunal Regional do Trabalho da 1\u00aa Regi\u00e3o, para que seja realizada a reintegra\u00e7\u00e3o de mais um funcion\u00e1rio do Banco Ita\u00fa. Nesta ter\u00e7a-feira, 12 de mar\u00e7o, o banc\u00e1rio Wellington Garcia Trov\u00e3o [&hellip;]<\/p>\n","protected":false},"author":2,"featured_media":15070,"comment_status":"","ping_status":"","sticky":false,"template":"","format":"standard","meta":{"footnotes":""},"categories":[3],"tags":[],"class_list":["post-15071","post","type-post","status-publish","format-standard","has-post-thumbnail","hentry","category-noticias"],"_links":{"self":[{"href":"https:\/\/hostnetart.com.br\/baixada\/wp-json\/wp\/v2\/posts\/15071","targetHints":{"allow":["GET"]}}],"collection":[{"href":"https:\/\/hostnetart.com.br\/baixada\/wp-json\/wp\/v2\/posts"}],"about":[{"href":"https:\/\/hostnetart.com.br\/baixada\/wp-json\/wp\/v2\/types\/post"}],"author":[{"embeddable":true,"href":"https:\/\/hostnetart.com.br\/baixada\/wp-json\/wp\/v2\/users\/2"}],"replies":[{"embeddable":true,"href":"https:\/\/hostnetart.com.br\/baixada\/wp-json\/wp\/v2\/comments?post=15071"}],"version-history":[{"count":0,"href":"https:\/\/hostnetart.com.br\/baixada\/wp-json\/wp\/v2\/posts\/15071\/revisions"}],"wp:featuredmedia":[{"embeddable":true,"href":"https:\/\/hostnetart.com.br\/baixada\/wp-json\/wp\/v2\/media\/15070"}],"wp:attachment":[{"href":"https:\/\/hostnetart.com.br\/baixada\/wp-json\/wp\/v2\/media?parent=15071"}],"wp:term":[{"taxonomy":"category","embeddable":true,"href":"https:\/\/hostnetart.com.br\/baixada\/wp-json\/wp\/v2\/categories?post=15071"},{"taxonomy":"post_tag","embeddable":true,"href":"https:\/\/hostnetart.com.br\/baixada\/wp-json\/wp\/v2\/tags?post=15071"}],"curies":[{"name":"wp","href":"https:\/\/api.w.org\/{rel}","templated":true}]}}