{"id":15069,"date":"2024-03-12T13:36:10","date_gmt":"2024-03-12T16:36:10","guid":{"rendered":"https:\/\/hostnetart.com.br\/baixada\/consulta-nacional-definira-prioridades-da-campanha-dos-financiarios\/"},"modified":"2024-03-12T13:36:10","modified_gmt":"2024-03-12T16:36:10","slug":"consulta-nacional-definira-prioridades-da-campanha-dos-financiarios","status":"publish","type":"post","link":"https:\/\/hostnetart.com.br\/baixada\/consulta-nacional-definira-prioridades-da-campanha-dos-financiarios\/","title":{"rendered":"Consulta nacional definir\u00e1 prioridades da campanha dos financi\u00e1rios"},"content":{"rendered":"<p>A Campanha Nacional dos financi\u00e1rios para a renova\u00e7\u00e3o da Conven\u00e7\u00e3o Coletiva de Trabalho da categoria j\u00e1 come\u00e7ou! E a Confedera\u00e7\u00e3o Nacional dos Trabalhadores do Ramo Financeiro (Contraf-CUT) e demais entidades de representa\u00e7\u00e3o sindical querem saber qual a opini\u00e3o de cada um sobre as prioridades para a campanha.<\/p>\n<p>Financi\u00e1rias e financi\u00e1rios, sindicalizados ou n\u00e3o, podem participar da consulta para dizer o que querem da campanha nos aspectos sociais, de remunera\u00e7\u00e3o, de sa\u00fade e de condi\u00e7\u00f5es de trabalho.<\/p>\n<p>\u201c\u00c9 importante que haja o maior n\u00famero poss\u00edvel de respostas, para que os resultados reflitam a real necessidade da categoria\u2033, disse o coordenador do Coletivo dos Financi\u00e1rios da Contraf-CUT, Jair Alves.<\/p>\n<p>Para facilitar a participa\u00e7\u00e3o, foi disponibilizado um sistema de vota\u00e7\u00e3o eletr\u00f4nica pela internet, que estar\u00e1 dispon\u00edvel at\u00e9 o dia 23 de mar\u00e7o. Para responder, basta acessar o link https:\/\/consultafinanciarios.votabem.com.br\/<\/p>\n<h3>Minuta de reivindica\u00e7\u00f5es<\/h3>\n<p>A pauta ser\u00e1 aprovada nas assembleias a serem realizadas entre 2 e 12 de abril. A data base dos financi\u00e1rios \u00e9 1\u00ba de junho.<\/p>\n<p>Para a secret\u00e1ria de Organiza\u00e7\u00e3o do Ramo Financeiro e Pol\u00edtica Sindical da Contraf-CUT, Magaly Fagundes, \u201ca categoria precisa estar unida para que a gente consiga manter os direitos j\u00e1 estabelecidos na CCT e mostrar for\u00e7a para buscarmos novas conquistas\u201d, afirmou. \u201cAl\u00e9m de responder \u00e0 consulta, os trabalhadores devem ficar atentos para a convoca\u00e7\u00e3o das assembleias em suas respectivas bases para aprovar a pauta de reivindica\u00e7\u00f5es\u201d, completou Magaly.<\/p>\n<p>Ap\u00f3s ser aprovada em assembleias realizadas por sindicatos da categoria de todo o pa\u00eds, a minuta ser\u00e1 entregue \u00e0 Fenacrefi para que se d\u00ea in\u00edcio \u00e0s negocia\u00e7\u00f5es da CCT dos financi\u00e1rios.<\/p>\n<p><strong>Fonte: Contraf-CUT<\/strong><\/p>\n","protected":false},"excerpt":{"rendered":"<p>A Campanha Nacional dos financi\u00e1rios para a renova\u00e7\u00e3o da Conven\u00e7\u00e3o Coletiva de Trabalho da categoria j\u00e1 come\u00e7ou! E a Confedera\u00e7\u00e3o Nacional dos Trabalhadores do Ramo Financeiro (Contraf-CUT) e demais entidades de representa\u00e7\u00e3o sindical querem saber qual a opini\u00e3o de cada um sobre as prioridades para a campanha. Financi\u00e1rias e financi\u00e1rios, sindicalizados ou n\u00e3o, podem participar [&hellip;]<\/p>\n","protected":false},"author":2,"featured_media":15068,"comment_status":"","ping_status":"","sticky":false,"template":"","format":"standard","meta":{"footnotes":""},"categories":[3],"tags":[],"class_list":["post-15069","post","type-post","status-publish","format-standard","has-post-thumbnail","hentry","category-noticias"],"_links":{"self":[{"href":"https:\/\/hostnetart.com.br\/baixada\/wp-json\/wp\/v2\/posts\/15069","targetHints":{"allow":["GET"]}}],"collection":[{"href":"https:\/\/hostnetart.com.br\/baixada\/wp-json\/wp\/v2\/posts"}],"about":[{"href":"https:\/\/hostnetart.com.br\/baixada\/wp-json\/wp\/v2\/types\/post"}],"author":[{"embeddable":true,"href":"https:\/\/hostnetart.com.br\/baixada\/wp-json\/wp\/v2\/users\/2"}],"replies":[{"embeddable":true,"href":"https:\/\/hostnetart.com.br\/baixada\/wp-json\/wp\/v2\/comments?post=15069"}],"version-history":[{"count":0,"href":"https:\/\/hostnetart.com.br\/baixada\/wp-json\/wp\/v2\/posts\/15069\/revisions"}],"wp:featuredmedia":[{"embeddable":true,"href":"https:\/\/hostnetart.com.br\/baixada\/wp-json\/wp\/v2\/media\/15068"}],"wp:attachment":[{"href":"https:\/\/hostnetart.com.br\/baixada\/wp-json\/wp\/v2\/media?parent=15069"}],"wp:term":[{"taxonomy":"category","embeddable":true,"href":"https:\/\/hostnetart.com.br\/baixada\/wp-json\/wp\/v2\/categories?post=15069"},{"taxonomy":"post_tag","embeddable":true,"href":"https:\/\/hostnetart.com.br\/baixada\/wp-json\/wp\/v2\/tags?post=15069"}],"curies":[{"name":"wp","href":"https:\/\/api.w.org\/{rel}","templated":true}]}}