{"id":1506,"date":"2013-09-23T00:00:00","date_gmt":"2013-09-23T03:00:00","guid":{"rendered":"https:\/\/hostnetart.com.br\/baixada\/advogado-do-santander-se-passa-por-bancario-e-cria-confusao-na-greve\/"},"modified":"2013-09-23T00:00:00","modified_gmt":"2013-09-23T03:00:00","slug":"advogado-do-santander-se-passa-por-bancario-e-cria-confusao-na-greve","status":"publish","type":"post","link":"https:\/\/hostnetart.com.br\/baixada\/advogado-do-santander-se-passa-por-bancario-e-cria-confusao-na-greve\/","title":{"rendered":"Advogado do Santander se passa por banc\u00e1rio e cria confus\u00e3o na greve"},"content":{"rendered":"<p>O desrespeito dos bancos ao direito de greve dos banc\u00e1rios virou caso de pol\u00edcia. Nesta sexta-feira (20), dirigentes do Sindicato dos Banc\u00e1rios de S\u00e3o Paulo estavam ao lado de trabalhadores em greve, em frente \u00e0 ag\u00eancia do Santander na Avenida Rio Branco, no centro da capital paulista, quando um homem, que se identificou como banc\u00e1rio, exigiu entrar na unidade.<\/p>\n<p>\u00a0<\/p>\n<p>Enquanto os dirigentes sindicais conversavam com o suposto banc\u00e1rio, perceberam que estavam sendo gravados e desconfiaram da postura de quem era, na verdade, um advogado contratado pelo banco espanhol. O objetivo era gravar para, provavelmente, forjar uma liminar, como se os diretores do Sindicato estivessem proibindo a entrada dos trabalhadores.<\/p>\n<p>\u00a0<\/p>\n<p>Os sindicalista pediram que a grava\u00e7\u00e3o feita indevidamente e de forma manipulada fosse apagada, mas o advogado se recusou. A confus\u00e3o foi presenciada por um policial \u00e0 paisana que acabou acionando outros PMs.<\/p>\n<p>\u00a0<\/p>\n<p>Tanto o advogado quanto os dirigentes do Sindicato foram levados \u00e0 delegacia, para prestar esclarecimentos. \u201cNada disso teria acontecido se os bancos respeitassem o direito de mobiliza\u00e7\u00e3o dos banc\u00e1rios\u201d, afirma o secret\u00e1rio jur\u00eddico do Sindicato, Carlos Damarindo.<\/p>\n<p>\u00a0<\/p>\n<p>As comiss\u00f5es de esclarecimento s\u00e3o inclusive previstas pela Lei de Greve (lei 7.783\/89), que em seu artigo sexto assegura ao grevista utilizar \u201cmeios pac\u00edficos tendentes a persuadir ou aliciar os trabalhadores a aderirem\u201d.<\/p>\n<p>\u00a0<\/p>\n<p>Fonte: Contraf-CUT com Seeb S\u00e3o Paulo<\/p>\n","protected":false},"excerpt":{"rendered":"<p>O desrespeito dos bancos ao direito de greve dos banc\u00e1rios virou caso de pol\u00edcia. Nesta sexta-feira (20), dirigentes do Sindicato dos Banc\u00e1rios de S\u00e3o Paulo estavam ao lado de trabalhadores em greve, em frente \u00e0 ag\u00eancia do Santander na Avenida Rio Branco, no centro da capital paulista, quando um homem, que se identificou como banc\u00e1rio, [&hellip;]<\/p>\n","protected":false},"author":1,"featured_media":0,"comment_status":"","ping_status":"","sticky":false,"template":"","format":"standard","meta":{"footnotes":""},"categories":[3],"tags":[],"class_list":["post-1506","post","type-post","status-publish","format-standard","hentry","category-noticias"],"_links":{"self":[{"href":"https:\/\/hostnetart.com.br\/baixada\/wp-json\/wp\/v2\/posts\/1506","targetHints":{"allow":["GET"]}}],"collection":[{"href":"https:\/\/hostnetart.com.br\/baixada\/wp-json\/wp\/v2\/posts"}],"about":[{"href":"https:\/\/hostnetart.com.br\/baixada\/wp-json\/wp\/v2\/types\/post"}],"author":[{"embeddable":true,"href":"https:\/\/hostnetart.com.br\/baixada\/wp-json\/wp\/v2\/users\/1"}],"replies":[{"embeddable":true,"href":"https:\/\/hostnetart.com.br\/baixada\/wp-json\/wp\/v2\/comments?post=1506"}],"version-history":[{"count":0,"href":"https:\/\/hostnetart.com.br\/baixada\/wp-json\/wp\/v2\/posts\/1506\/revisions"}],"wp:attachment":[{"href":"https:\/\/hostnetart.com.br\/baixada\/wp-json\/wp\/v2\/media?parent=1506"}],"wp:term":[{"taxonomy":"category","embeddable":true,"href":"https:\/\/hostnetart.com.br\/baixada\/wp-json\/wp\/v2\/categories?post=1506"},{"taxonomy":"post_tag","embeddable":true,"href":"https:\/\/hostnetart.com.br\/baixada\/wp-json\/wp\/v2\/tags?post=1506"}],"curies":[{"name":"wp","href":"https:\/\/api.w.org\/{rel}","templated":true}]}}