{"id":15059,"date":"2024-03-08T09:16:53","date_gmt":"2024-03-08T12:16:53","guid":{"rendered":"https:\/\/hostnetart.com.br\/baixada\/previc-anula-edital-de-reabertura-das-inscricoes-mas-funcef-descumpre-decisao\/"},"modified":"2024-03-08T09:16:53","modified_gmt":"2024-03-08T12:16:53","slug":"previc-anula-edital-de-reabertura-das-inscricoes-mas-funcef-descumpre-decisao","status":"publish","type":"post","link":"https:\/\/hostnetart.com.br\/baixada\/previc-anula-edital-de-reabertura-das-inscricoes-mas-funcef-descumpre-decisao\/","title":{"rendered":"Previc anula edital de reabertura das inscri\u00e7\u00f5es, mas Funcef descumpre decis\u00e3o"},"content":{"rendered":"<p>Na ter\u00e7a-feira (5), a Superintend\u00eancia Nacional de Previd\u00eancia Complementar (Previc) rejeitou os argumentos da Funda\u00e7\u00e3o dos Economi\u00e1rios Federais (Funcef) e tornou definitiva a decis\u00e3o liminar de anular a reabertura do prazo de inscri\u00e7\u00e3o de candidatos nas elei\u00e7\u00f5es. Na decis\u00e3o, a Superintend\u00eancia determinou o prosseguimento do processo eleitoral somente com os candidatos que apresentaram seus pedidos de inscri\u00e7\u00e3o dentro do prazo estabelecido no calend\u00e1rio eleitoral original, e dentro das regras do regulamento.<\/p>\n<p>\u201cAcolho o pedido da den\u00fancia para o fim de declarar a anula\u00e7\u00e3o por inteiro do indigitado edital de reabertura do prazo de inscri\u00e7\u00e3o, seguindo o Calend\u00e1rio Eleitoral t\u00e3o somente com aqueles candidatos ou chapas que cumpriram integralmente os requisitos definidos no Par\u00e1grafo \u00fanico do art. 8\u00ba do edital de convoca\u00e7\u00e3o e do Par\u00e1grafo \u00fanico do art. 14 do regulamento eleitoral\u201d, diz o documento assinado pelo diretor de Fiscaliza\u00e7\u00e3o e Monitoramento da Previc, Jo\u00e3o Paulo de Souza.<\/p>\n<p><strong>Leia tamb\u00e9m:<\/strong><br \/><strong>&gt;&gt;&gt;&gt;&gt; <\/strong><a href=\"https:\/\/contrafcut.com.br\/noticias\/funcef-ataca-democracia-ao-descumprir-edital-de-eleicao\/?swcfpc=1\" target=\"_blank\" rel=\"noopener noreferrer\">Funcef ataca democracia ao descumprir edital de elei\u00e7\u00e3o<\/a><\/p>\n<p>Intimada na mesma data e ciente da decis\u00e3o, a Funcef n\u00e3o adotou as medidas necess\u00e1rias, deixando de retornar ao edital original, o que levanta questionamentos sobre poss\u00edveis manipula\u00e7\u00f5es.<\/p>\n<p>\u201cA falta de a\u00e7\u00e3o imediata por parte da Funcef ap\u00f3s a decis\u00e3o da Previc levanta preocupa\u00e7\u00f5es sobre a integridade do processo eleitoral, e a Fenae espera que medidas corretivas sejam adotadas para garantir a lisura e legitimidade nas elei\u00e7\u00f5es da Funcef\u201d, destacou o presidente da Federa\u00e7\u00e3o Nacional das Associa\u00e7\u00f5es do Pessoal da Caixa (Fenae), Sergio Takemoto.<\/p>\n<p>Leonardo Quadros, autor da den\u00fancia pelo restabelecimento do calend\u00e1rio original, tamb\u00e9m se manifestou. \u201cA falta de publicidade imediata \u00e9 mais uma manipula\u00e7\u00e3o do processo eleitoral que n\u00e3o pode ser admitida. Os participantes e assistidos precisam ser informados tempestivamente para que possam tomar suas decis\u00f5es dentro dos prazos estabelecidos\u201d, disse Quadros. \u201cA quem interessa que os participantes e assistidos n\u00e3o tomem conhecimento, no pr\u00f3prio dia 5, que a reabertura do prazo de impugna\u00e7\u00e3o estabelecida na reabertura do prazo de inscri\u00e7\u00e3o j\u00e1 estava sepultada pela decis\u00e3o da Previc?\u201d, questionou Quadros, que \u00e9 diretor de Sa\u00fade e Previd\u00eancia da Fenae.<\/p>\n<p>A Fenae cobrar\u00e1 da Funcef, ainda nesta quarta-feira (6), as devidas explica\u00e7\u00f5es e o cumprimento da decis\u00e3o do \u00f3rg\u00e3o fiscalizador.<\/p>\n<p><a href=\"https:\/\/www.fenae.org.br\/portal\/data\/files\/2A\/52\/A3\/79\/3951E810C288E8D8403A91A8\/FUNCEF%20-%20ELEICOES%20SEI_PREVIC%20-%200645220%20-%20Parecer%20cgdc%20_3_.pdf\" target=\"_blank\" rel=\"noopener noreferrer\">Acesse aqui a \u00edntegra da decis\u00e3o da Previc<\/a><\/p>\n<p><strong>Fonte:<\/strong> <a href=\"https:\/\/www.fenae.org.br\/portal\/fenae-portal\/previc-anula-edital-de-reabertura-das-inscricoes-mas-funcef-descumpre-decisao-8A19A3048D8E882C018E1593EF8A2661-00.htm\" target=\"_blank\" rel=\"noopener noreferrer\">Fenae<\/a><\/p>\n","protected":false},"excerpt":{"rendered":"<p>Na ter\u00e7a-feira (5), a Superintend\u00eancia Nacional de Previd\u00eancia Complementar (Previc) rejeitou os argumentos da Funda\u00e7\u00e3o dos Economi\u00e1rios Federais (Funcef) e tornou definitiva a decis\u00e3o liminar de anular a reabertura do prazo de inscri\u00e7\u00e3o de candidatos nas elei\u00e7\u00f5es. Na decis\u00e3o, a Superintend\u00eancia determinou o prosseguimento do processo eleitoral somente com os candidatos que apresentaram seus pedidos [&hellip;]<\/p>\n","protected":false},"author":2,"featured_media":15058,"comment_status":"","ping_status":"","sticky":false,"template":"","format":"standard","meta":{"footnotes":""},"categories":[3],"tags":[],"class_list":["post-15059","post","type-post","status-publish","format-standard","has-post-thumbnail","hentry","category-noticias"],"_links":{"self":[{"href":"https:\/\/hostnetart.com.br\/baixada\/wp-json\/wp\/v2\/posts\/15059","targetHints":{"allow":["GET"]}}],"collection":[{"href":"https:\/\/hostnetart.com.br\/baixada\/wp-json\/wp\/v2\/posts"}],"about":[{"href":"https:\/\/hostnetart.com.br\/baixada\/wp-json\/wp\/v2\/types\/post"}],"author":[{"embeddable":true,"href":"https:\/\/hostnetart.com.br\/baixada\/wp-json\/wp\/v2\/users\/2"}],"replies":[{"embeddable":true,"href":"https:\/\/hostnetart.com.br\/baixada\/wp-json\/wp\/v2\/comments?post=15059"}],"version-history":[{"count":0,"href":"https:\/\/hostnetart.com.br\/baixada\/wp-json\/wp\/v2\/posts\/15059\/revisions"}],"wp:featuredmedia":[{"embeddable":true,"href":"https:\/\/hostnetart.com.br\/baixada\/wp-json\/wp\/v2\/media\/15058"}],"wp:attachment":[{"href":"https:\/\/hostnetart.com.br\/baixada\/wp-json\/wp\/v2\/media?parent=15059"}],"wp:term":[{"taxonomy":"category","embeddable":true,"href":"https:\/\/hostnetart.com.br\/baixada\/wp-json\/wp\/v2\/categories?post=15059"},{"taxonomy":"post_tag","embeddable":true,"href":"https:\/\/hostnetart.com.br\/baixada\/wp-json\/wp\/v2\/tags?post=15059"}],"curies":[{"name":"wp","href":"https:\/\/api.w.org\/{rel}","templated":true}]}}