{"id":15057,"date":"2024-03-07T17:42:46","date_gmt":"2024-03-07T20:42:46","guid":{"rendered":"https:\/\/hostnetart.com.br\/baixada\/fetraf-rj-es-reivindica-vacina-da-dengue-para-itau-e-do-bradesco\/"},"modified":"2024-03-07T17:42:46","modified_gmt":"2024-03-07T20:42:46","slug":"fetraf-rj-es-reivindica-vacina-da-dengue-para-itau-e-do-bradesco","status":"publish","type":"post","link":"https:\/\/hostnetart.com.br\/baixada\/fetraf-rj-es-reivindica-vacina-da-dengue-para-itau-e-do-bradesco\/","title":{"rendered":"Fetraf RJ\/ES reivindica vacina da dengue para Ita\u00fa e do Bradesco"},"content":{"rendered":"<p>A Federa\u00e7\u00e3o dos Trabalhadores do Ramo Financeiro dos Estados do Rio de Janeiro e Esp\u00edrito Santo (Fetraf RJ\/ES), que representa os Sindicatos dos Banc\u00e1rios de Angra dos Reis e Regi\u00e3o, Baixada Fluminense, Esp\u00edrito Santo, Itaperuna e Regi\u00e3o, Maca\u00e9 e Regi\u00e3o, Nova Friburgo e Regi\u00e3o e Tr\u00eas Rios e Regi\u00e3o, enviou of\u00edcio ao Ita\u00fa e ao Bradesco solicitando que os bancos forne\u00e7am a vacina contra a dengue (QDenga) aos banc\u00e1rios e banc\u00e1rias em raz\u00e3o da epidemia que assola o pa\u00eds, com um aumento significativo de hospitaliza\u00e7\u00f5es, inclusive, com casos que evolu\u00edram para mortes.<\/p>\n<div class=\"elementor-element elementor-element-194680ec elementor-widget elementor-widget-theme-post-content\" data-id=\"194680ec\" data-element_type=\"widget\" data-widget_type=\"theme-post-content.default\">\n<div class=\"elementor-widget-container\">\n<p>A entrega dos of\u00edcios ocorreu na sede da Federa\u00e7\u00e3o, Centro do Rio de Janeiro, no dia 5 de mar\u00e7o, aos representantes do Banco Ita\u00fa, e no dia 6 de mar\u00e7o, \u00e0 representante do Banco Bradesco.<\/p>\n<p>\u201c\u00c9 necess\u00e1rio que toda a sociedade civil se mobilize. Sabemos que \u00e9 nossa responsabilidade, tamb\u00e9m, como entidade representante de trabalhadores e trabalhadoras, procurar junto \u00e0s entidades patronais fazer valer as medidas orientadas pelo Minist\u00e9rio da Sa\u00fade, de forma preventiva, para conter o aumento dos casos\u201d, declarou o presidente da Fetraf RJ\/ES, Nilton Dami\u00e3o Esperan\u00e7a.<\/p>\n<h3>Mais de 1 milh\u00e3o de casos<\/h3>\n<p>De acordo com os dados do painel de monitoramento das arboviroses, do Minist\u00e9rio da Sa\u00fade, o Brasil passou de 1 milh\u00e3o de casos (prov\u00e1veis e confirmados) de dengue neste ano. Foram 1.038.475 nos dois primeiros meses do ano. No mesmo per\u00edodo do ano passado, o Brasil tinha 207.475 casos.<\/p>\n<p>At\u00e9 o momento, 256 mortes foram confirmadas e 651 seguem em investiga\u00e7\u00e3o. Em 2023, foram 149 mortes entre as semanas 1 e 8. Das mortes registradas at\u00e9 o dia 27 de fevereiro, 42% foram pessoas de mais de 70 anos e, 10%, as v\u00edtimas tinham entre 30 e 39 anos.<\/p>\n<p><strong>Fonte: Fetraf RJ\/ES<\/strong><\/p>\n<\/div>\n<\/div>\n<div class=\"elementor-element elementor-element-12fb8eb elementor-widget elementor-widget-heading\" data-id=\"12fb8eb\" data-element_type=\"widget\" data-widget_type=\"heading.default\">\u00a0<\/div>\n","protected":false},"excerpt":{"rendered":"<p>A Federa\u00e7\u00e3o dos Trabalhadores do Ramo Financeiro dos Estados do Rio de Janeiro e Esp\u00edrito Santo (Fetraf RJ\/ES), que representa os Sindicatos dos Banc\u00e1rios de Angra dos Reis e Regi\u00e3o, Baixada Fluminense, Esp\u00edrito Santo, Itaperuna e Regi\u00e3o, Maca\u00e9 e Regi\u00e3o, Nova Friburgo e Regi\u00e3o e Tr\u00eas Rios e Regi\u00e3o, enviou of\u00edcio ao Ita\u00fa e ao [&hellip;]<\/p>\n","protected":false},"author":2,"featured_media":15056,"comment_status":"","ping_status":"","sticky":false,"template":"","format":"standard","meta":{"footnotes":""},"categories":[3],"tags":[],"class_list":["post-15057","post","type-post","status-publish","format-standard","has-post-thumbnail","hentry","category-noticias"],"_links":{"self":[{"href":"https:\/\/hostnetart.com.br\/baixada\/wp-json\/wp\/v2\/posts\/15057","targetHints":{"allow":["GET"]}}],"collection":[{"href":"https:\/\/hostnetart.com.br\/baixada\/wp-json\/wp\/v2\/posts"}],"about":[{"href":"https:\/\/hostnetart.com.br\/baixada\/wp-json\/wp\/v2\/types\/post"}],"author":[{"embeddable":true,"href":"https:\/\/hostnetart.com.br\/baixada\/wp-json\/wp\/v2\/users\/2"}],"replies":[{"embeddable":true,"href":"https:\/\/hostnetart.com.br\/baixada\/wp-json\/wp\/v2\/comments?post=15057"}],"version-history":[{"count":0,"href":"https:\/\/hostnetart.com.br\/baixada\/wp-json\/wp\/v2\/posts\/15057\/revisions"}],"wp:featuredmedia":[{"embeddable":true,"href":"https:\/\/hostnetart.com.br\/baixada\/wp-json\/wp\/v2\/media\/15056"}],"wp:attachment":[{"href":"https:\/\/hostnetart.com.br\/baixada\/wp-json\/wp\/v2\/media?parent=15057"}],"wp:term":[{"taxonomy":"category","embeddable":true,"href":"https:\/\/hostnetart.com.br\/baixada\/wp-json\/wp\/v2\/categories?post=15057"},{"taxonomy":"post_tag","embeddable":true,"href":"https:\/\/hostnetart.com.br\/baixada\/wp-json\/wp\/v2\/tags?post=15057"}],"curies":[{"name":"wp","href":"https:\/\/api.w.org\/{rel}","templated":true}]}}