{"id":15055,"date":"2024-03-07T17:39:20","date_gmt":"2024-03-07T20:39:20","guid":{"rendered":"https:\/\/hostnetart.com.br\/baixada\/contraf-cut-fenae-e-seeb-brasilia-oferecem-cursinho-para-o-concurso-da-caixa\/"},"modified":"2024-03-07T17:39:20","modified_gmt":"2024-03-07T20:39:20","slug":"contraf-cut-fenae-e-seeb-brasilia-oferecem-cursinho-para-o-concurso-da-caixa","status":"publish","type":"post","link":"https:\/\/hostnetart.com.br\/baixada\/contraf-cut-fenae-e-seeb-brasilia-oferecem-cursinho-para-o-concurso-da-caixa\/","title":{"rendered":"Contraf-CUT, Fenae e Seeb Bras\u00edlia oferecem cursinho para o concurso da Caixa"},"content":{"rendered":"<div class=\"elementor-element elementor-element-194680ec elementor-widget elementor-widget-theme-post-content\" data-id=\"194680ec\" data-element_type=\"widget\" data-widget_type=\"theme-post-content.default\">\n<div class=\"elementor-widget-container\">\n<p>A Confedera\u00e7\u00e3o Nacional dos Trabalhadores do Ramo Financeiro (Contraf-CUT), em parceria com a Federa\u00e7\u00e3o Nacional das Associa\u00e7\u00f5es do Pessoal da Caixa (Fenae) e o Sindicato dos Banc\u00e1rios de Bras\u00edlia, vai oferecer curso preparat\u00f3rio para o concurso da Caixa.<\/p>\n<p>O curso \u00e9 destinado aos associados dos sindicatos da base da Contraf-CUT, seus indicados e dependentes, que poder\u00e3o acessar os conte\u00fados pela\u00a0<a href=\"https:\/\/edu.fenae.org.br\/\" target=\"_blank\" rel=\"noopener noreferrer\">plataforma do Instituto Fenae<\/a>, e aos dependentes de empregados Caixa associados a uma das 27 associa\u00e7\u00f5es estaduais do pessoal da Caixa (Apcefs), cujo acesso se dar\u00e1 por meio da Rede do Conhecimento (plataforma EAD da Fenae e das Apcefs).<\/p>\n<h3><strong>Conte\u00fado<\/strong><\/h3>\n<p>O conte\u00fado ser\u00e1 baseado no \u00faltimo concurso da Caixa e em concursos da \u00e1rea banc\u00e1ria realizados nos dois \u00faltimos anos. As aulas ser\u00e3o realizadas em duas modalidades (gravadas e ao vivo), seguindo o formato de \u201cp\u00edlulas de conhecimento\u201d, nas quais os conceitos s\u00e3o ensinados de forma simples, pr\u00e1tica e objetiva. O material que ser\u00e1 utilizado \u00e9 da X5 Educa\u00e7\u00e3o e foi desenvolvido por uma equipe de professores da pr\u00f3pria Caixa.<\/p>\n<p>Al\u00e9m do material gravado, ser\u00e3o disponibilizadas aulas complementares ao vivo para os alunos tirarem suas d\u00favidas, resolu\u00e7\u00e3o de exerc\u00edcios e in\u00fameras dicas. Os alunos contar\u00e3o tamb\u00e9m com um grupo de whatsapp para troca de informa\u00e7\u00f5es e tira-d\u00favidas. Al\u00e9m disso, haver\u00e1 suporte t\u00e9cnico e pedag\u00f3gico para ajudar nos estudos.<\/p>\n<p>As aulas e o material abordar\u00e3o temas relacionados \u00e0 matem\u00e1tica b\u00e1sica e financeira, conhecimentos b\u00e1sicos, reda\u00e7\u00e3o, legisla\u00e7\u00e3o espec\u00edfica, marketing, vendas, dentre outros.<\/p>\n<h3><strong>Como fazer o curso<\/strong><\/h3>\n<p>O primeiro passo \u00e9\u00a0<a href=\"https:\/\/mktconteudo.fenae.org.br\/preparatorio-cef\" target=\"_blank\" rel=\"noopener noreferrer\">fazer a inscri\u00e7\u00e3o<\/a>. Ao se inscrever, o aluno receber\u00e1 uma senha provis\u00f3ria no e-mail cadastrado, com orienta\u00e7\u00f5es para o acesso ao site Fenae EAD. No primeiro acesso o aluno deve alterar sua senha (<em>esta funcionalidade fica na parte superior direita, ao passar o mouse pelo nome<\/em>). Caso haja dificuldade no processo de cadastro, um c\u00f3digo de acesso pode ser gerado e enviado por e-mail para os inscritos.<\/p>\n<p><strong>Para acessar as aulas, siga os passos abaixo:<\/strong><br \/>1) Acessar o site Fenae EAD;<br \/>2) Digitar o CPF seguido da senha;<br \/>3) Selecionar a institui\u00e7\u00e3o e clicar em entrar;<br \/>4) Ao entrar, o inscrito ver\u00e1 as mat\u00e9rias dispon\u00edveis. Para acessar, deve clicar em \u201cacessar sala de aula\u201d e depois em \u201crealizar matr\u00edcula\u201d;<br \/>5) Depois \u00e9 s\u00f3 assistir as aulas.<\/p>\n<p><em>Com informa\u00e7\u00f5es da Fenae.<\/em><\/p>\n<\/div>\n<\/div>\n<div class=\"elementor-element elementor-element-76b46e1 elementor-widget elementor-widget-post-info\" data-id=\"76b46e1\" data-element_type=\"widget\" data-widget_type=\"post-info.default\">\u00a0<\/div>\n","protected":false},"excerpt":{"rendered":"<p>A Confedera\u00e7\u00e3o Nacional dos Trabalhadores do Ramo Financeiro (Contraf-CUT), em parceria com a Federa\u00e7\u00e3o Nacional das Associa\u00e7\u00f5es do Pessoal da Caixa (Fenae) e o Sindicato dos Banc\u00e1rios de Bras\u00edlia, vai oferecer curso preparat\u00f3rio para o concurso da Caixa. O curso \u00e9 destinado aos associados dos sindicatos da base da Contraf-CUT, seus indicados e dependentes, que [&hellip;]<\/p>\n","protected":false},"author":2,"featured_media":15054,"comment_status":"","ping_status":"","sticky":false,"template":"","format":"standard","meta":{"footnotes":""},"categories":[3],"tags":[],"class_list":["post-15055","post","type-post","status-publish","format-standard","has-post-thumbnail","hentry","category-noticias"],"_links":{"self":[{"href":"https:\/\/hostnetart.com.br\/baixada\/wp-json\/wp\/v2\/posts\/15055","targetHints":{"allow":["GET"]}}],"collection":[{"href":"https:\/\/hostnetart.com.br\/baixada\/wp-json\/wp\/v2\/posts"}],"about":[{"href":"https:\/\/hostnetart.com.br\/baixada\/wp-json\/wp\/v2\/types\/post"}],"author":[{"embeddable":true,"href":"https:\/\/hostnetart.com.br\/baixada\/wp-json\/wp\/v2\/users\/2"}],"replies":[{"embeddable":true,"href":"https:\/\/hostnetart.com.br\/baixada\/wp-json\/wp\/v2\/comments?post=15055"}],"version-history":[{"count":0,"href":"https:\/\/hostnetart.com.br\/baixada\/wp-json\/wp\/v2\/posts\/15055\/revisions"}],"wp:featuredmedia":[{"embeddable":true,"href":"https:\/\/hostnetart.com.br\/baixada\/wp-json\/wp\/v2\/media\/15054"}],"wp:attachment":[{"href":"https:\/\/hostnetart.com.br\/baixada\/wp-json\/wp\/v2\/media?parent=15055"}],"wp:term":[{"taxonomy":"category","embeddable":true,"href":"https:\/\/hostnetart.com.br\/baixada\/wp-json\/wp\/v2\/categories?post=15055"},{"taxonomy":"post_tag","embeddable":true,"href":"https:\/\/hostnetart.com.br\/baixada\/wp-json\/wp\/v2\/tags?post=15055"}],"curies":[{"name":"wp","href":"https:\/\/api.w.org\/{rel}","templated":true}]}}