{"id":15053,"date":"2024-03-07T16:06:01","date_gmt":"2024-03-07T19:06:01","guid":{"rendered":"https:\/\/hostnetart.com.br\/baixada\/trabalhadoras-se-preparam-para-tomar-as-ruas-no-dia-8-de-marco\/"},"modified":"2024-03-07T16:06:01","modified_gmt":"2024-03-07T19:06:01","slug":"trabalhadoras-se-preparam-para-tomar-as-ruas-no-dia-8-de-marco","status":"publish","type":"post","link":"https:\/\/hostnetart.com.br\/baixada\/trabalhadoras-se-preparam-para-tomar-as-ruas-no-dia-8-de-marco\/","title":{"rendered":"Trabalhadoras se preparam para tomar as ruas no dia 8 de mar\u00e7o"},"content":{"rendered":"<div class=\"elementor-element elementor-element-194680ec elementor-widget elementor-widget-theme-post-content\" data-id=\"194680ec\" data-element_type=\"widget\" data-widget_type=\"theme-post-content.default\">\n<div class=\"elementor-widget-container\">\n<p>Na pr\u00f3xima sexta-feira (8), Dia Internacional da Mulher, est\u00e3o previstos atos em todo o pa\u00eds,\u00a0<a href=\"https:\/\/www.cut.org.br\/noticias\/saiba-onde-havera-atos-pelo-dia-internacional-das-mulheres-e-participe-8cfe\" target=\"_blank\" rel=\"noopener noreferrer\">organizados pela Central \u00danica dos Trabalhadores (CUT)\u00a0<\/a>e que contar\u00e1 com a ades\u00e3o da Confedera\u00e7\u00e3o Nacional dos Trabalhadores do Ramo Financeiro (Contraf-CUT).<\/p>\n<p>\u201cO lema, neste ano, \u00e9 \u2018Mulheres em defesa da democracia, pela igualdade salarial e contra todos os tipos de viol\u00eancia\u2019. Queremos chamar a aten\u00e7\u00e3o para o papel das mulheres na prote\u00e7\u00e3o do Estado Democr\u00e1tico de Direito, que essa prote\u00e7\u00e3o da democracia significa proteger os direitos j\u00e1 conquistados por n\u00f3s e que sem a democracia n\u00e3o conseguiremos avan\u00e7ar na luta contra a viol\u00eancia de g\u00eanero\u201d, explicou a secret\u00e1ria da Mulher da Contraf-CUT, Fernanda Lopes.<\/p>\n<p>A presidenta da Contraf-CUT e vice-presidenta da CUT Nacional, Juvandia Moreira, ressaltou que, historicamente, o movimento sindical teve papel fundamental contra as desigualdades de g\u00eanero e, com isso, no fortalecimento de a\u00e7\u00f5es p\u00fablicas de combate \u00e0 viol\u00eancia contra a mulher.<\/p>\n<p>\u201cA luta pela igualdade de g\u00eanero em todos os aspectos da vida, dentro e fora do trabalho, \u00e9 um compromisso nosso, para a constru\u00e7\u00e3o de um mundo melhor, e inclui o combate \u00e0s v\u00e1rias viol\u00eancias contra as mulheres, como o feminic\u00eddio, os constrangimentos f\u00edsicos, sexuais, morais e as desigualdades econ\u00f4micas, porque as mulheres ainda seguem recebendo menos que os homens, no mercado de trabalho, e s\u00e3o a maioria entre a popula\u00e7\u00e3o com menor renda\u201d, observou. \u201cPor isso \u00e9 t\u00e3o importante a participa\u00e7\u00e3o de todas n\u00f3s, nas ruas, no pr\u00f3ximo dia 8 de mar\u00e7o, para levantar nossas bandeiras por um pa\u00eds mais justo e digno para todas e todos\u201d, pontuou.<\/p>\n<p>O lema das mobiliza\u00e7\u00f5es e atos para o 8 de mar\u00e7o vem acompanhado das seguintes pautas:<\/p>\n<ul>\n<li>Combate \u00e0 viol\u00eancia e ao feminic\u00eddio;<\/li>\n<li>Educa\u00e7\u00e3o sem viol\u00eancia de g\u00eanero;<\/li>\n<li>Combate ao ass\u00e9dio moral no local de trabalho;<\/li>\n<li>Defesa da vida;<\/li>\n<li>Igualdade salarial;<\/li>\n<li>Garantia dos direitos reprodutivos;<\/li>\n<li>Campanha Brasil contra a misoginia;<\/li>\n<li>Pelo fim do genoc\u00eddio na Palestina;<\/li>\n<li>Ratifica\u00e7\u00e3o das conven\u00e7\u00f5es 156 e 190, da OIT; e<\/li>\n<li>Economia de cuidados.<\/li>\n<\/ul>\n<h3>Novo pico de feminic\u00eddio<\/h3>\n<p>Entre 1\u00ba de janeiro e 31 de dezembro de 2023, mais de 2.600 brasileiras foram v\u00edtimas de feminic\u00eddio, segundo levantamento divulgado neste m\u00eas pelo\u00a0<a href=\"https:\/\/operobal.uel.br\/sociedade\/2024\/03\/06\/mais-de-2600-brasileiras-foram-vitimas-de-feminicidio-em-2023-revela-lesfem\/\" target=\"_blank\" rel=\"noopener noreferrer\">Monitor de Feminic\u00eddios no Brasil (MFB)<\/a>\u00a0\u2013 iniciativa conjunta da Universidade Federal da Bahia (UFBA), Universidade Estadual de Londrina (UEL) e Universidade Federal de Uberl\u00e2ndia (UFU).<\/p>\n<p>Os n\u00fameros s\u00e3o bem superiores aos registrados em 2022, quando, segundo o\u00a0<a href=\"https:\/\/g1.globo.com\/monitor-da-violencia\/noticia\/2023\/03\/08\/brasil-bate-recorde-de-feminicidios-em-2022-com-uma-mulher-morta-a-cada-6-horas.ghtml\" target=\"_blank\" rel=\"noopener noreferrer\">Monitor da Viol\u00eancia<\/a>, do portal G1 e do N\u00facleo de Estudos da Viol\u00eancia da USP (NEV-USP), o pa\u00eds havia registrado 1.410 casos de feminic\u00eddios e, at\u00e9 ent\u00e3o, o maior registro de casos desde que a lei de feminic\u00eddio entrou em vigor, em 2015.<\/p>\n<p>\u201cO Brasil segue como um pa\u00eds violento para as popula\u00e7\u00f5es minorizadas. Mas para superar essa realidade inaceit\u00e1vel, temos que falar sim do assunto, fortalecer e criar mais canais de den\u00fancias e de prote\u00e7\u00e3o \u00e0s mulheres\u201d, destacou Fernanda Lopes.<\/p>\n<p>A secret\u00e1ria da Mulher da Contraf-CUT completou que a categoria banc\u00e1ria mant\u00e9m, em v\u00e1rios pontos do pa\u00eds, entidades com o programa \u201cBasta! N\u00e3o v\u00e3o nos calar!\u201d, de assessoria jur\u00eddica humanizada a mulheres em situa\u00e7\u00e3o de viol\u00eancia (<strong><a href=\"https:\/\/contrafcut.com.br\/noticias\/movimento-sindical-bancario-amplia-programa-de-combate-a-violencia-contra-mulheres\/\" target=\"_blank\" rel=\"noopener noreferrer\">clique aqui e saiba mais<\/a><\/strong>).<\/p>\n<h3>Locais dos atos de 8 de mar\u00e7o<\/h3>\n<p><strong>S\u00e3o Paulo\u00a0\u00a0\u00a0\u00a0\u00a0<\/strong>\u00a0\u00a0\u00a0\u00a0\u00a0\u00a0\u00a0\u00a0\u00a0\u00a0\u00a0\u00a0\u00a0\u00a0\u00a0\u00a0\u00a0\u00a0\u00a0\u00a0\u00a0\u00a0\u00a0\u00a0\u00a0\u00a0<\/p>\n<p>S\u00e3o Paulo (capital) \u2013 Concentra\u00e7\u00e3o \u00e0s 14h, no Espa\u00e7o Cultural L\u00e9lia Abramo \u2013 R. Carlos Sampaio, 305 \u2013 Bela Vista. Do local, os manifestantes seguir\u00e3o em caminhada at\u00e9 a Avenida Paulista.<\/p>\n<p>Ato principal: 17 horas, em frente ao MASP (Avenida Paulista)<\/p>\n<p>Sorocaba \u2013 A partir das 16h na Pra\u00e7a Cel. Fernando Prestes \u2013 Centro.<\/p>\n<p><strong>Sergipe<\/strong><\/p>\n<p>Aracaju \u2013 Concentra\u00e7\u00e3o \u00e0s 7h na Pra\u00e7a da Bandeira. A marcha ser\u00e1 realizada a partir das 9h em dire\u00e7\u00e3o ao Pal\u00e1cio dos Despachos, na Avenida Ad\u00e9lia Franco. A bandeira de luta levada \u00e0s ruas ser\u00e1 \u2018Pela vida de todas as mulheres, pelo fim da viol\u00eancia e contra o fascismo\u2019.<\/p>\n<p><strong>Santa Catarina<\/strong><\/p>\n<p>Florian\u00f3polis: Marcha 8M \u201cTRANSformando luto em lutas\u201d<br \/>14h \u00e0s 18h no Largo da Alf\u00e2ndega:<br \/>14h \u00e0s 17h \u2013 Rodas de conversa, distribui\u00e7\u00e3o de materiais<br \/>17h \u2013 M\u00edsticas de concentra\u00e7\u00e3o, agita\u00e7\u00e3o cultural e performances<br \/>18h \u2013 Sa\u00edda da marcha<\/p>\n<p>Lages:\u00a0 Ato \u201cPela vida das mulheres\u201d \u2013 8h \u00e0s 17h \u2013 Pra\u00e7a Jo\u00e3o Costa<br \/>Ca\u00e7ador \u2013 local: Largo Casanjure<br \/>Com cartas do coletivo de mulheres. Di\u00e1logo com a popula\u00e7\u00e3o com orienta\u00e7\u00f5es e informa\u00e7\u00f5es direcionado \u00e0s mulheres, panfletagem com um Bombom.<br \/>Uma banca com material de divulga\u00e7\u00e3o dos recursos federais destinados para o munic\u00edpio<br \/>Hor\u00e1rio: 9:30 \u00e0s 11h e das 13:30 \u00e0s 15:30h<\/p>\n<p>Jaragu\u00e1 do Sul \u2013 Local: Pra\u00e7a da Meia Lua, ao lado do Museu da Paz<br \/>Das 8 h \u00e0s 17h: Concentra\u00e7\u00e3o; Organiza\u00e7\u00e3o do espa\u00e7o\/cartazes, faixas e outros; Panfletagem e conversas com a comunidade.<br \/>Das 17h \u00e0s 19h: Falas do Coletivo de Mulheres\/atividades culturais.<br \/>\u00c0s 19h: Aula Magna Com Mariana Franco\/Transformando Luto em Lutas.<br \/>Ap\u00f3s a Aula Magna seguir\u00e3o em marcha at\u00e9 a Pra\u00e7a \u00c2ngelo Piazera.<br \/>\u00c0s 20h\/Pra\u00e7a \u00c2ngelo: Leitura do Manifesto pela Vida das Mulheres.<br \/>Haver\u00e1 a participa\u00e7\u00e3o especial da Bateria do Carnavale.<\/p>\n<p>Chapec\u00f3<br \/>A programa\u00e7\u00e3o em alus\u00e3o ao Dia da Mulher em Chapec\u00f3 contar\u00e1 com tr\u00eas a\u00e7\u00f5es principais:<br \/>Quinta-feira (7\/3), \u00e0s 19h, no Sindicato dos Banc\u00e1rios: Debate \u201cSilenciar ou resistir\u201d, com a professora M\u00e1rcia Ione Surdi.<br \/>Sexta-feira (8\/3), das 9h \u00e0s 12h, na Pra\u00e7a Coronel Bertaso: Ato em defesa da mulher<br \/>Segunda-feira (12\/3), \u00e0s 18h, na C\u00e2mara Municipal: debate \u201cViol\u00eancia e pol\u00edtica de g\u00eanero\u201d, com Maria Tereza Capra<\/p>\n<p>Joinville<br \/>Pra\u00e7a da Bandeira em Joinville, concentra\u00e7\u00e3o as 18h e in\u00edcio da passeata \u00e0s 19h.<br \/>Marcha TRANSformando LUTO em LUTAS! N\u00f3s queremos vivas\/vives em todos os lugares!\u00a0\u00a0<\/p>\n<p>Blumenau<br \/>9 de mar\u00e7o (s\u00e1bado) \u2013 14h<br \/>Piquenique Transfeminista, no Parque Ramiro Ruediguer\u00a0\u00a0<\/p>\n<p><strong>Rio de Janeiro<\/strong><\/p>\n<p>Rio de Janeiro (capital) \u2013 \u00e0s 9 horas, participa\u00e7\u00e3o e constru\u00e7\u00e3o do ato de levante feminista contra o feminic\u00eddio na C\u00e2mara dos Vereadores.<\/p>\n<p>Ato unificado com concentra\u00e7\u00e3o na Candel\u00e1ria, \u00e0s 16 horas e posterior caminhada pela Avenida Rio Branco at\u00e9 a Cinel\u00e2ndia, onde haver\u00e1 o ato \u00e0s 18 horas.<\/p>\n<p>\u00c0s 18:30 haver\u00e1 o Simpro Samba, roda com microfone aberto para mulheres e performance da artista Marta Moura, com tem\u00e1tica feminista, tamb\u00e9m na Cinel\u00e2ndia.<\/p>\n<p><strong>Rio Grande do Norte<\/strong><\/p>\n<p>Natal \u2013 Concentra\u00e7\u00e3o a partir das 14:30h, na cal\u00e7ada do Banco do Brasil, seguido de caminhada at\u00e9 a Pra\u00e7a C\u00edvica.<\/p>\n<p>Mossor\u00f3 \u2013 Ser\u00e3o dois atos. O primeiro \u00e0s 8:30h no Centro Feminista 8M e \u00e0s 15:30h, na Pra\u00e7a do PAX.<\/p>\n<p><strong>Piau\u00ed<\/strong><\/p>\n<p>Teresina \u2013 Ato com concentra\u00e7\u00e3o na Pra\u00e7a do FRIPISA, \u00e0s 8 horas, com caminhada pelas ruas da capital, com encerramento na Pra\u00e7a Rio Branco.<\/p>\n<p><strong>Pernambuco<\/strong><\/p>\n<p>Recife \u2013 Concentra\u00e7\u00e3o \u00e0s 15 horas, no Parque 13 de Maio. Sa\u00edda prevista \u00e0s 17h em dire\u00e7\u00e3o ao P\u00e1tio de S\u00e3o Pedro.<\/p>\n<p><strong>Paran\u00e1<\/strong><\/p>\n<p>Curitiba- Concentra\u00e7\u00e3o \u00e0s 15h, na Pra\u00e7a Santos Andrade, mas a partir das 17h come\u00e7am as interven\u00e7\u00f5es culturais. O ato est\u00e1 previsto para \u00e0s 18h30. Na sequ\u00eancia, \u00e0s 19h, come\u00e7ar\u00e1 a marcha que sair\u00e1 da Rua Jo\u00e3o Negr\u00e3o com encerramento na Boca Maldita, no Centro de Curitiba.<\/p>\n<p><strong>Para\u00edba<\/strong><\/p>\n<p>Jo\u00e3o Pessoa \u2013 O \u201cPonto de Cem R\u00e9is\u201d ser\u00e1 o local de encontro, a partir das 9h. Haver\u00e1 um ato pol\u00edtico-cultural, com a realiza\u00e7\u00e3o de oficinas, rodas de di\u00e1logo, Feira Preta e apresenta\u00e7\u00f5es culturais.<\/p>\n<p>E no dia 22 de mar\u00e7o ser\u00e1 o encerramento da jornada do 8M2024, tamb\u00e9m em Jo\u00e3o Pessoa, na Pra\u00e7a da Amizade, no Bairro do Rangel. Haver\u00e1 v\u00e1rios servi\u00e7os destinados \u00e0s mulheres das comunidades do bairro.<\/p>\n<p><strong>Par\u00e1<\/strong><\/p>\n<p>Bel\u00e9m \u2013 concentra\u00e7\u00e3o a partir das 8h na Pra\u00e7a da Rep\u00fablica. Com apoio da CUT, o ato \u00e9 convocado pela Frente Feminista Par\u00e1. Com os motes \u201cPela Vida Das Mulheres Da Amaz\u00f4nia \u00e0 Palestina. Nenhuma a Menos!\u201d e \u201cEm Defesa dos Territ\u00f3rios, Contra a Fome\u201d, a marcha \u00e9 pelo fim da viol\u00eancia contra as mulheres, pelo direito ao aborto seguro e legal, e contra o genoc\u00eddio do povo palestino.<\/p>\n<p>Abaetetuba \u2013 concentra\u00e7\u00e3o na orla da cidade \u00e0s 7h30. Mote: \u201cPela vida das Mulheres e dos territ\u00f3rios. \u00c1guas territ\u00f3rios de vidas\u201d<\/p>\n<p>Altamira \u2013 concentra\u00e7\u00e3o em frente \u00e0s Lojas Americanas, \u00e0s 8h. Mote: \u201cEnfrentando as Viol\u00eancias Contra Meninas e Mulheres: Cuidado \u00e0 Sa\u00fade Mental e Mudan\u00e7as Clim\u00e1ticas\u201d<\/p>\n<p>Ananindeua \u2013 concentra\u00e7\u00e3o no bairro \u00c1guas Brancas, \u00e0s 9h, com o mote \u201cMulheres na luta por direitos sociais, creche, transporte, sa\u00fade e pelo fim da viol\u00eancia\u201d<\/p>\n<p>Capanema \u2013 concentra\u00e7\u00e3o a partir das 7h, na sede da FETAGRI Regional Bragantina e do MMNEPA. Bandeira de luta \u00e9 \u201cMulher na pol\u00edtica muda a pol\u00edtica e constr\u00f3i bem viver\u201d<\/p>\n<p>Marab\u00e1 \u2013 concentra\u00e7\u00e3o no Incra (Bairro Amap\u00e1 \u2013 n\u00facleo cidade nova), \u00e0s 8h, com o mote: \u201cLutaremos! Por Nossos Corpos e Territ\u00f3rios, nenhuma a menos\u201d.<\/p>\n<p>Mocajuba \u2013 atividade organizada pela Rede Comunit\u00e1ria de Coletivos de Mulheres Quilombolas de Mocajuba ser\u00e1 realizada no Quilombo Tamaba\u00ed-A\u00e7\u00fa, durante todo o dia.<\/p>\n<p>Tamb\u00e9m em Mocajuba, no Mercado Municipal, ser\u00e1 realizada a IV Feira Comunit\u00e1ria Mulheres Quilombolas.<\/p>\n<p>S\u00e3o Jo\u00e3o do Araguaia \u2013 concentra\u00e7\u00e3o na Pra\u00e7a da Prefeitura, \u00e0s 7h00. Mote: \u201cQuebradeiras de C\u00f4co ecoando a Voz\u201d<\/p>\n<p><strong>Mato Grosso do Sul<\/strong><\/p>\n<p>Campo Grande \u2013 O ato come\u00e7a \u00e0s 08h, na Rua 14 de julho esquina com a Avenida Afonso Pena.<\/p>\n<p><strong>Goi\u00e1s<\/strong><\/p>\n<p>Goi\u00e2nia \u2013 Concentra\u00e7\u00e3o a partir das 16 horas, na Catedral Metropolitana de Goi\u00e2nia \u2013 Avenida Universit\u00e1ria, Pra\u00e7a Dom Manuel, Setor Central.<\/p>\n<p><strong>Distrito Federal (DF)\u00a0<\/strong><\/p>\n<p>\u00c0s 16h, come\u00e7a o ato pol\u00edtico-cultural na pra\u00e7a Zumbi dos Palmares. Mais tarde, \u00e0s 19h, tem in\u00edcio o show das trabalhadoras, em frente \u00e0 CUT-DF, tamb\u00e9m no Conic, com apresenta\u00e7\u00e3o das cantoras Em\u00edlia Monteiro e seu repert\u00f3rio de ritmos do norte, al\u00e9m de Kris Maciel, que promete animar a noite com samba, e Al\u00ea Terribili cantando MPB.<\/p>\n<p><strong>Cear\u00e1<\/strong><\/p>\n<p>Fortaleza \u2013 As atividades acontecer\u00e3o entre 8h e 17h na Pra\u00e7a do Ferreira. A programa\u00e7\u00e3o do 8 de Mar\u00e7o contar\u00e1 com atra\u00e7\u00f5es culturais, feira feminista, cortejo e tendas de orienta\u00e7\u00e3o nutricional, caminh\u00e3o da cidad\u00e3, servi\u00e7os de fisioterapia, orienta\u00e7\u00e3o psicol\u00f3gica, aferi\u00e7\u00e3o de press\u00e3o e glicemia, massoterapia e orienta\u00e7\u00e3o sobre sa\u00fade da mulher.<\/p>\n<p>A concentra\u00e7\u00e3o da caminhada, que ser\u00e1 a grande a\u00e7\u00e3o do dia, ser\u00e1 a partir das 16, tamb\u00e9m na Pra\u00e7a do Ferreira, com sa\u00edda marcada para as 16h30.<\/p>\n<p><strong>Bahia<\/strong><\/p>\n<p>Salvador \u2013 Caminhada \u00e0s 13h, na Pra\u00e7a do Campo Grande.<\/p>\n<\/div>\n<\/div>\n<div class=\"elementor-element elementor-element-76b46e1 elementor-widget elementor-widget-post-info\" data-id=\"76b46e1\" data-element_type=\"widget\" data-widget_type=\"post-info.default\">\n<div class=\"elementor-widget-container\">\n<ul class=\"elementor-inline-items elementor-icon-list-items elementor-post-info\">\n<li class=\"elementor-icon-list-item elementor-repeater-item-178a5d0 elementor-inline-item\">\u00a0<\/li>\n<\/ul>\n<\/div>\n<\/div>\n<p>Fonte: Contraf-CUT<\/p>\n","protected":false},"excerpt":{"rendered":"<p>Na pr\u00f3xima sexta-feira (8), Dia Internacional da Mulher, est\u00e3o previstos atos em todo o pa\u00eds,\u00a0organizados pela Central \u00danica dos Trabalhadores (CUT)\u00a0e que contar\u00e1 com a ades\u00e3o da Confedera\u00e7\u00e3o Nacional dos Trabalhadores do Ramo Financeiro (Contraf-CUT). \u201cO lema, neste ano, \u00e9 \u2018Mulheres em defesa da democracia, pela igualdade salarial e contra todos os tipos de viol\u00eancia\u2019. [&hellip;]<\/p>\n","protected":false},"author":2,"featured_media":15052,"comment_status":"","ping_status":"","sticky":false,"template":"","format":"standard","meta":{"footnotes":""},"categories":[3],"tags":[],"class_list":["post-15053","post","type-post","status-publish","format-standard","has-post-thumbnail","hentry","category-noticias"],"_links":{"self":[{"href":"https:\/\/hostnetart.com.br\/baixada\/wp-json\/wp\/v2\/posts\/15053","targetHints":{"allow":["GET"]}}],"collection":[{"href":"https:\/\/hostnetart.com.br\/baixada\/wp-json\/wp\/v2\/posts"}],"about":[{"href":"https:\/\/hostnetart.com.br\/baixada\/wp-json\/wp\/v2\/types\/post"}],"author":[{"embeddable":true,"href":"https:\/\/hostnetart.com.br\/baixada\/wp-json\/wp\/v2\/users\/2"}],"replies":[{"embeddable":true,"href":"https:\/\/hostnetart.com.br\/baixada\/wp-json\/wp\/v2\/comments?post=15053"}],"version-history":[{"count":0,"href":"https:\/\/hostnetart.com.br\/baixada\/wp-json\/wp\/v2\/posts\/15053\/revisions"}],"wp:featuredmedia":[{"embeddable":true,"href":"https:\/\/hostnetart.com.br\/baixada\/wp-json\/wp\/v2\/media\/15052"}],"wp:attachment":[{"href":"https:\/\/hostnetart.com.br\/baixada\/wp-json\/wp\/v2\/media?parent=15053"}],"wp:term":[{"taxonomy":"category","embeddable":true,"href":"https:\/\/hostnetart.com.br\/baixada\/wp-json\/wp\/v2\/categories?post=15053"},{"taxonomy":"post_tag","embeddable":true,"href":"https:\/\/hostnetart.com.br\/baixada\/wp-json\/wp\/v2\/tags?post=15053"}],"curies":[{"name":"wp","href":"https:\/\/api.w.org\/{rel}","templated":true}]}}