{"id":15049,"date":"2024-03-06T12:53:18","date_gmt":"2024-03-06T15:53:18","guid":{"rendered":"https:\/\/hostnetart.com.br\/baixada\/sindicato-dos-bancarios-da-baixada-fluminense-participa-de-reunioes-com-itau-e-bradesco\/"},"modified":"2024-03-06T12:53:18","modified_gmt":"2024-03-06T15:53:18","slug":"sindicato-dos-bancarios-da-baixada-fluminense-participa-de-reunioes-com-itau-e-bradesco","status":"publish","type":"post","link":"https:\/\/hostnetart.com.br\/baixada\/sindicato-dos-bancarios-da-baixada-fluminense-participa-de-reunioes-com-itau-e-bradesco\/","title":{"rendered":"Sindicato dos Banc\u00e1rios da Baixada Fluminense participa de reuni\u00f5es com Ita\u00fa e Bradesco"},"content":{"rendered":"<p>Nos dias 5 e 6 de mar\u00e7o, diretoras e diretores do\u00a0Sindicato dos Banc\u00e1rios da Baixada Fluminense estiveram na Sede da\u00a0Federa\u00e7\u00e3o dos Trabalhadores do Ramo Financeiro dos Estados do Rio de Janeiro e Esp\u00edrito Santo (Fetraf-RJ\/ES), da qual \u00e9 filiada, onde aconteceram reuni\u00f5es com representantes dos bancos Ita\u00fa e Bradesco.<\/p>\n<p>Diversas pautas importantes para a categoria banc\u00e1ria foram debatidas.\u00a0<\/p>\n<p>Na reuni\u00e3o com o Ita\u00fa, foram debatidos temas como:\u00a0Envios de documentos pertinentes a afastamento por motivo de doen\u00e7as; Agendamento de ASO ao retornar do INSS; Falta de transpar\u00eancia por parte das cl\u00ednicas no ato do exame de ASO; Aquisi\u00e7\u00e3o de produtos por parte do cliente de forma digital; Cumprimento das metas, 1.200 pontos, seja no prazo de at\u00e9 dez dias; Licenciados com dificuldade para acessar no IU (atestado, espelho de ponto e afins); Exposi\u00e7\u00e3o de vendas e ranking em redes sociais; Descomissionamento de fun\u00e7\u00e3o; Sala de performance; Banc\u00e1rios transferidos para longe de suas resid\u00eancias; Participa\u00e7\u00e3o de reuni\u00e3o com ponto batido; Falta de atendimento telef\u00f4nico para resolu\u00e7\u00e3o de problemas (s\u00f3 via Chat); Falta de transpar\u00eancia na antecipa\u00e7\u00e3o do adiantamento sal\u00e1rio para os licenciados; F\u00e9rias no m\u00eas de janeiro \u201cproibidas\u201d; Gozo de f\u00e9rias somente ap\u00f3s entregar a 1200 pontos no GERA; Lentid\u00e3o para reparo e troca do equipamento de ar-condicionado; ATM com abastecimento pela parte frontal, exposi\u00e7\u00e3o do trabalhador; Exposi\u00e7\u00e3o do ranking em reuni\u00f5es via Teams;\u00a0Dificuldade na emiss\u00e3o do DUT; Trabalhador adoecido n\u00e3o realiza o tratamento de acompanhamento cont\u00ednuo com receio de demiss\u00e3o; Sistema interno do banco sempre lento; Filia\u00e7\u00e3o dos banc\u00e1rios que est\u00e3o em ag\u00eancias digitais; Retorno das homologa\u00e7\u00f5es no Sindicato.<\/p>\n<p>Com o Bradesco, temas como:\u00a0Metas abusivas; Falta de funcion\u00e1rios e ass\u00e9dio moral; Reuni\u00f5es marcadas via Whatsapp; Ranking produ\u00e7\u00e3o divulgado nos grupos das ag\u00eancias; Restri\u00e7\u00e3o de atendimento de clientes e consumidores de servi\u00e7os banc\u00e1rios na ag\u00eancia; Press\u00e3o total sobre \u201cautentica\u00e7\u00e3o zero\u201d; Press\u00e3o para n\u00e3o marca\u00e7\u00e3o de acompanhamento m\u00e9dico durante expediente; Adoecimento dos funcion\u00e1rios; Trabalhadores adoecidos n\u00e3o realizando o tratamento de acompanhamento cont\u00ednuo; Dificuldade na emiss\u00e3o do DUT (declara\u00e7\u00e3o do \u00faltimo dia de trabalho); Boatos que os PA abrir\u00e3o \u00e0s 8 horas; Oportunidade dos funcion\u00e1rios, das ag\u00eancias que ser\u00e3o encerradas, de participarem de treinamento para trabalharem na \u00e1rea digital e do private no Banco; Permiss\u00e3o que os funcion\u00e1rios do alto valor possam ser sindicalizados no efetivo local de trabalho deles; N\u00e3o transferir funcion\u00e1rios para mais de 100 km de suas casas; Reestrutura\u00e7\u00e3o; Fechamento de ag\u00eancias; Demiss\u00f5es; Explos\u00e3o de Bradescos Expressos; Fim da carreira fechada (a dire\u00e7\u00e3o do banco comunicou ao movimento sindical que essa fun\u00e7\u00e3o foi extinta).<\/p>\n<p>Todas as reivindica\u00e7\u00f5es foram amplamente debatidas e os bancos ficaram de analisar e resolver as demandas apresentadas.<\/p>\n<p><strong>IMPORTANTE<\/strong><\/p>\n<p>Caso ocorra qualquer tipo de viola\u00e7\u00e3o de direitos relacionada \u00e0s\u00a0rela\u00e7\u00f5es de trabalho, denuncie!<\/p>\n<p>A identifica\u00e7\u00e3o n\u00e3o \u00e9 obrigat\u00f3ria.<\/p>\n<p>Se optar por se\u00a0identificar, sua identidade permanecer\u00e1 sob sigilo.<\/p>\n<p><em>*confira mais fotos em nossas redes sociais<\/em><\/p>\n<p>\u00a0<\/p>\n","protected":false},"excerpt":{"rendered":"<p>Nos dias 5 e 6 de mar\u00e7o, diretoras e diretores do\u00a0Sindicato dos Banc\u00e1rios da Baixada Fluminense estiveram na Sede da\u00a0Federa\u00e7\u00e3o dos Trabalhadores do Ramo Financeiro dos Estados do Rio de Janeiro e Esp\u00edrito Santo (Fetraf-RJ\/ES), da qual \u00e9 filiada, onde aconteceram reuni\u00f5es com representantes dos bancos Ita\u00fa e Bradesco. Diversas pautas importantes para a categoria [&hellip;]<\/p>\n","protected":false},"author":2,"featured_media":15048,"comment_status":"","ping_status":"","sticky":false,"template":"","format":"standard","meta":{"footnotes":""},"categories":[3],"tags":[],"class_list":["post-15049","post","type-post","status-publish","format-standard","has-post-thumbnail","hentry","category-noticias"],"_links":{"self":[{"href":"https:\/\/hostnetart.com.br\/baixada\/wp-json\/wp\/v2\/posts\/15049","targetHints":{"allow":["GET"]}}],"collection":[{"href":"https:\/\/hostnetart.com.br\/baixada\/wp-json\/wp\/v2\/posts"}],"about":[{"href":"https:\/\/hostnetart.com.br\/baixada\/wp-json\/wp\/v2\/types\/post"}],"author":[{"embeddable":true,"href":"https:\/\/hostnetart.com.br\/baixada\/wp-json\/wp\/v2\/users\/2"}],"replies":[{"embeddable":true,"href":"https:\/\/hostnetart.com.br\/baixada\/wp-json\/wp\/v2\/comments?post=15049"}],"version-history":[{"count":0,"href":"https:\/\/hostnetart.com.br\/baixada\/wp-json\/wp\/v2\/posts\/15049\/revisions"}],"wp:featuredmedia":[{"embeddable":true,"href":"https:\/\/hostnetart.com.br\/baixada\/wp-json\/wp\/v2\/media\/15048"}],"wp:attachment":[{"href":"https:\/\/hostnetart.com.br\/baixada\/wp-json\/wp\/v2\/media?parent=15049"}],"wp:term":[{"taxonomy":"category","embeddable":true,"href":"https:\/\/hostnetart.com.br\/baixada\/wp-json\/wp\/v2\/categories?post=15049"},{"taxonomy":"post_tag","embeddable":true,"href":"https:\/\/hostnetart.com.br\/baixada\/wp-json\/wp\/v2\/tags?post=15049"}],"curies":[{"name":"wp","href":"https:\/\/api.w.org\/{rel}","templated":true}]}}