{"id":15045,"date":"2024-03-05T14:21:29","date_gmt":"2024-03-05T17:21:29","guid":{"rendered":"https:\/\/hostnetart.com.br\/baixada\/ca-da-caixa-agora-e-voce-e-mais-um\/"},"modified":"2024-03-05T14:21:29","modified_gmt":"2024-03-05T17:21:29","slug":"ca-da-caixa-agora-e-voce-e-mais-um","status":"publish","type":"post","link":"https:\/\/hostnetart.com.br\/baixada\/ca-da-caixa-agora-e-voce-e-mais-um\/","title":{"rendered":"CA da Caixa: Agora \u00e9 voc\u00ea e mais um"},"content":{"rendered":"<p>O primeiro turno da elei\u00e7\u00e3o para a escolha da representante das empregadas e empregados no Conselho de Administra\u00e7\u00e3o da Caixa Econ\u00f4mica Federal se encerrou na quinta-feira (29). Fabiana Uehara foi a candidata mais votada, com 45,09% dos votos, quase 7% a mais do que o segundo mais votado.<\/p>\n<p>\u201cA Fabi \u00e9 muito conhecida pelos colegas da Caixa. Ela est\u00e1 \u00e0 frente das atividades de reivindica\u00e7\u00f5es das empregadas e empregados faz bastante tempo e, nos \u00faltimos quatro anos, coordenou a Comiss\u00e3o Executiva dos Empregados. Todos n\u00f3s sabemos de sua capacidade de organiza\u00e7\u00e3o e articula\u00e7\u00e3o para defender a Caixa p\u00fablica e as empregadas e empregados\u201d, disse o diretor da Confedera\u00e7\u00e3o Nacional dos Trabalhadores do Ramo Financeiro (Contraf-CUT) e da Federa\u00e7\u00e3o Nacional das Associa\u00e7\u00f5es do Pessoal da Caixa (Fenae), Rafael de Castro. \u201cComo ela, sua atua\u00e7\u00e3o e capacidade j\u00e1 eram conhecidas, bastou mostramos as excelentes propostas que ela tem para seu mandato do CA para nossas colegas e nossos colegas aderirem \u00e0 campanha\u201d, completou.<\/p>\n<h3><strong>Segundo turno<\/strong><\/h3>\n<p>Mas Rafael ressalta que o segundo turno \u00e9 uma nova elei\u00e7\u00e3o. \u201cPrecisamos manter o foco na apresenta\u00e7\u00e3o \u00e0s colegas e aos colegas das propostas da Fabi para o CA e estarmos dispon\u00edveis para explica\u00e7\u00f5es. Nossa aten\u00e7\u00e3o tem que se manter nos nossos colegas que est\u00e3o nas ag\u00eancias e departamentos, como sempre fizemos em nossa atua\u00e7\u00e3o sindical\u201d, disse.<\/p>\n<p>\u201cE, o mais importante, contamos com cada empregada e cada empregado que j\u00e1 votou na Fabi no primeiro. Cada um precisa conquistar, pelo menos, mais um voto pra confirmar a vit\u00f3ria da Fabi agora no segundo turno\u201d, completou o dirigente da Contraf-CUT.<\/p>\n<p>A campanha do 2\u00ba turno j\u00e1 em acontecendo nesta sexta (1\u00ba\/3) e segue at\u00e9 o dia 8 de mar\u00e7o. Toda empregada e empregado da ativa, mesmo que esteja em f\u00e9rias, ou de licen\u00e7a, pode votar. A vota\u00e7\u00e3o ser\u00e1 realizada de 11 a 14 de mar\u00e7o, pelo mesmo sistema que foi realizado o primeiro turno. Basta acessar <a href=\"http:\/\/eleicaoca.caixa.gov.br\/siele\" target=\"_blank\" rel=\"noopener noreferrer\">eleicaoca.caixa.gov.br\/siele<\/a>, logar com a matr\u00edcula e senha e, na p\u00e1gina de vota\u00e7\u00e3o, digitar 0002 (Fabiana Uehara).<\/p>\n<p><strong>Fonte: Contraf-CUT<\/strong><\/p>\n","protected":false},"excerpt":{"rendered":"<p>O primeiro turno da elei\u00e7\u00e3o para a escolha da representante das empregadas e empregados no Conselho de Administra\u00e7\u00e3o da Caixa Econ\u00f4mica Federal se encerrou na quinta-feira (29). Fabiana Uehara foi a candidata mais votada, com 45,09% dos votos, quase 7% a mais do que o segundo mais votado. \u201cA Fabi \u00e9 muito conhecida pelos colegas [&hellip;]<\/p>\n","protected":false},"author":2,"featured_media":15044,"comment_status":"","ping_status":"","sticky":false,"template":"","format":"standard","meta":{"footnotes":""},"categories":[3],"tags":[],"class_list":["post-15045","post","type-post","status-publish","format-standard","has-post-thumbnail","hentry","category-noticias"],"_links":{"self":[{"href":"https:\/\/hostnetart.com.br\/baixada\/wp-json\/wp\/v2\/posts\/15045","targetHints":{"allow":["GET"]}}],"collection":[{"href":"https:\/\/hostnetart.com.br\/baixada\/wp-json\/wp\/v2\/posts"}],"about":[{"href":"https:\/\/hostnetart.com.br\/baixada\/wp-json\/wp\/v2\/types\/post"}],"author":[{"embeddable":true,"href":"https:\/\/hostnetart.com.br\/baixada\/wp-json\/wp\/v2\/users\/2"}],"replies":[{"embeddable":true,"href":"https:\/\/hostnetart.com.br\/baixada\/wp-json\/wp\/v2\/comments?post=15045"}],"version-history":[{"count":0,"href":"https:\/\/hostnetart.com.br\/baixada\/wp-json\/wp\/v2\/posts\/15045\/revisions"}],"wp:featuredmedia":[{"embeddable":true,"href":"https:\/\/hostnetart.com.br\/baixada\/wp-json\/wp\/v2\/media\/15044"}],"wp:attachment":[{"href":"https:\/\/hostnetart.com.br\/baixada\/wp-json\/wp\/v2\/media?parent=15045"}],"wp:term":[{"taxonomy":"category","embeddable":true,"href":"https:\/\/hostnetart.com.br\/baixada\/wp-json\/wp\/v2\/categories?post=15045"},{"taxonomy":"post_tag","embeddable":true,"href":"https:\/\/hostnetart.com.br\/baixada\/wp-json\/wp\/v2\/tags?post=15045"}],"curies":[{"name":"wp","href":"https:\/\/api.w.org\/{rel}","templated":true}]}}