{"id":15043,"date":"2024-03-05T14:20:13","date_gmt":"2024-03-05T17:20:13","guid":{"rendered":"https:\/\/hostnetart.com.br\/baixada\/pdv-da-caixa-acao-sindical-impede-perdas-aos-empregados\/"},"modified":"2024-03-05T14:20:13","modified_gmt":"2024-03-05T17:20:13","slug":"pdv-da-caixa-acao-sindical-impede-perdas-aos-empregados","status":"publish","type":"post","link":"https:\/\/hostnetart.com.br\/baixada\/pdv-da-caixa-acao-sindical-impede-perdas-aos-empregados\/","title":{"rendered":"PDV da Caixa: A\u00e7\u00e3o sindical impede perdas aos empregados"},"content":{"rendered":"<p>A Caixa Econ\u00f4mica Federal disponibilizou, na manh\u00e3 desta segunda-feira (4), o Termo de Ades\u00e3o ao Programa de Desligamento Volunt\u00e1rio (PDV) com uma cl\u00e1usula que poderia gerar perdas \u00e0s empregadas e empregados que aderissem ao programa. A cl\u00e1usula quarta do termo dizia: \u201cNeste ato o(a) empregado(a) autoriza a utiliza\u00e7\u00e3o das verbas indenizat\u00f3rias do PDV para quita\u00e7\u00e3o de eventuais a\u00e7\u00f5es trabalhistas atuais ou futuras\u201d.<\/p>\n<p>A possibilidade de uso de verbas indenizat\u00f3rias para quita\u00e7\u00e3o de a\u00e7\u00f5es trabalhistas n\u00e3o havia sido mencionada no Comunicado Interno e tampouco no regulamento do PDV.<\/p>\n<p>Ao constatar o erro, a ex-coordenadora da Comiss\u00e3o Executiva dos Empregados (CEE) e candidata a representante das empregadas e empregados no Conselho de Administra\u00e7\u00e3o da Caixa, Fabiana Uehara Proscholdt, entrou em contato com o banco e apontou o problema.<\/p>\n<p>\u201cEntrei em contato com a Caixa, que constatou que havia sido publicada uma vers\u00e3o errada do termo e fez a substitui\u00e7\u00e3o do documento\u201d, disse Fabi, como Fabiana Uehara \u00e9 chamada pelos colegas do banco. A cl\u00e1usula quarta foi exclu\u00edda do termo. \u201cQuem assinou o termo antes da corre\u00e7\u00e3o, deve acessar o sistema (sipga.caixa), preencher e assinar o novo termo. Se j\u00e1 tiver anexado a via assinada anteriormente, o colega poder\u00e1 substituir o documento pelo novo\u201d, orientou.<\/p>\n<h3><strong>Mais sobre o PDV<\/strong><\/h3>\n<p>A Federa\u00e7\u00e3o Nacional das Associa\u00e7\u00f5es do Pessoal da Caixa (Fenae) realizar\u00e1, nesta segunda-feira (4), a partir das 18h30, uma live para esclarecer empregadas e empregados sobre o novo Programa de Desligamento Volunt\u00e1rio (PDV) da Caixa Econ\u00f4mica Federal. A transmiss\u00e3o ao vivo ser\u00e1 realizada pelo <a href=\"https:\/\/www.youtube.com\/watch?v=sZ9pr9PUKcg\" target=\"_blank\" rel=\"noopener noreferrer\">canal da Fenae no Youtube<\/a>.<\/p>\n<p>O PDV tem um limite de ades\u00f5es de 3.200 empregados. O prazo para inscri\u00e7\u00e3o ser\u00e1 de 4 de mar\u00e7o a 31 de maio, e o per\u00edodo de desligamento \u00e9 de 1 de julho a 30 de agosto. No documento, constam ainda os crit\u00e9rios de desempate, caso o n\u00famero de inscritos supere o limite estabelecido.<\/p>\n<p>Os empregados ser\u00e3o comunicados sobre o resultado da solicita\u00e7\u00e3o no e-mail corporativo e ainda poder\u00e3o consultar os canais de atendimento oficiais a partir da divulga\u00e7\u00e3o. A data de desligamento ser\u00e1 confirmada pela \u00e1rea de pessoas, n\u00e3o sendo permitida sua altera\u00e7\u00e3o por solicita\u00e7\u00e3o do empregado.<\/p>\n<p>Podem aderir ao PDV os empregados que cumprirem ao menos uma das seguintes condi\u00e7\u00f5es: aposentados pelo INSS at\u00e9 13 de novembro de 2019; aptos a se aposentar pelo INSS e que n\u00e3o requereram sua aposentadoria at\u00e9 28 de fevereiro; com no m\u00ednimo 15 anos de Caixa em 31\/12\/2023; ou que recebem a rubrica de adicional de incorpora\u00e7\u00e3o at\u00e9 31\/12\/2023.<\/p>\n<p>Ao contr\u00e1rio do \u00faltimo PDV (que fixou o incentivo financeiro em 9,5 Remunera\u00e7\u00f5es Base a todos os empregados que aderiram), o n\u00famero de Remunera\u00e7\u00f5es Base (RB) pagos \u00e0 t\u00edtulo de incentivo ser\u00e1 calculado pela seguinte f\u00f3rmula: (idade + tempo efetivo de Caixa (em anos, apurados em 31\/12\/2023)) x 0,1 + 1 RB (caso o empregado tenha se aposentado pelo INSS at\u00e9 13\/11\/2019) + 0,5 RB (caso receba adicional de incorpora\u00e7\u00e3o em 31\/12\/2023), com limite de 15 Remunera\u00e7\u00f5es Base (RB) ou R$ 650.000,00.<\/p>\n<h3><strong>Sa\u00fade Caixa<\/strong><\/h3>\n<p>Empregados admitidos at\u00e9 31 de agosto de 2018, que se aposentaram at\u00e9 13 de novembro de 2019 ou que ingressaram na Caixa aposentados pelo INSS e que tenham ao menos 120 contribui\u00e7\u00f5es para o plano, poder\u00e3o manter o Sa\u00fade Caixa por tempo indeterminado com a participa\u00e7\u00e3o da Caixa no custeio, conforme previsto pelo ACT espec\u00edfico do plano de sa\u00fade em vigor e RH221.<\/p>\n<p>Tamb\u00e9m est\u00e1 prevista manuten\u00e7\u00e3o do direito ao Sa\u00fade Caixa aos empregados aptos a se aposentar que tenham requerido a aposentadoria ap\u00f3s a publica\u00e7\u00e3o da CI, desde que a data de in\u00edcio do benef\u00edcio (DIB) seja anterior \u00e0 data de desligamento. Para as demais situa\u00e7\u00f5es, \u00e9 permitida a perman\u00eancia no plano por at\u00e9 24 meses, com custeio integral pelo empregado.<\/p>\n<p><b>Fonte: Contraf-CUT<\/b><\/p>\n","protected":false},"excerpt":{"rendered":"<p>A Caixa Econ\u00f4mica Federal disponibilizou, na manh\u00e3 desta segunda-feira (4), o Termo de Ades\u00e3o ao Programa de Desligamento Volunt\u00e1rio (PDV) com uma cl\u00e1usula que poderia gerar perdas \u00e0s empregadas e empregados que aderissem ao programa. A cl\u00e1usula quarta do termo dizia: \u201cNeste ato o(a) empregado(a) autoriza a utiliza\u00e7\u00e3o das verbas indenizat\u00f3rias do PDV para quita\u00e7\u00e3o [&hellip;]<\/p>\n","protected":false},"author":2,"featured_media":15042,"comment_status":"","ping_status":"","sticky":false,"template":"","format":"standard","meta":{"footnotes":""},"categories":[3],"tags":[],"class_list":["post-15043","post","type-post","status-publish","format-standard","has-post-thumbnail","hentry","category-noticias"],"_links":{"self":[{"href":"https:\/\/hostnetart.com.br\/baixada\/wp-json\/wp\/v2\/posts\/15043","targetHints":{"allow":["GET"]}}],"collection":[{"href":"https:\/\/hostnetart.com.br\/baixada\/wp-json\/wp\/v2\/posts"}],"about":[{"href":"https:\/\/hostnetart.com.br\/baixada\/wp-json\/wp\/v2\/types\/post"}],"author":[{"embeddable":true,"href":"https:\/\/hostnetart.com.br\/baixada\/wp-json\/wp\/v2\/users\/2"}],"replies":[{"embeddable":true,"href":"https:\/\/hostnetart.com.br\/baixada\/wp-json\/wp\/v2\/comments?post=15043"}],"version-history":[{"count":0,"href":"https:\/\/hostnetart.com.br\/baixada\/wp-json\/wp\/v2\/posts\/15043\/revisions"}],"wp:featuredmedia":[{"embeddable":true,"href":"https:\/\/hostnetart.com.br\/baixada\/wp-json\/wp\/v2\/media\/15042"}],"wp:attachment":[{"href":"https:\/\/hostnetart.com.br\/baixada\/wp-json\/wp\/v2\/media?parent=15043"}],"wp:term":[{"taxonomy":"category","embeddable":true,"href":"https:\/\/hostnetart.com.br\/baixada\/wp-json\/wp\/v2\/categories?post=15043"},{"taxonomy":"post_tag","embeddable":true,"href":"https:\/\/hostnetart.com.br\/baixada\/wp-json\/wp\/v2\/tags?post=15043"}],"curies":[{"name":"wp","href":"https:\/\/api.w.org\/{rel}","templated":true}]}}