{"id":15041,"date":"2024-03-04T15:31:45","date_gmt":"2024-03-04T18:31:45","guid":{"rendered":"https:\/\/hostnetart.com.br\/baixada\/funcionarios-do-santander-devem-aderir-a-campanha-de-vacinacao-contra-gripe\/"},"modified":"2024-03-04T15:31:45","modified_gmt":"2024-03-04T18:31:45","slug":"funcionarios-do-santander-devem-aderir-a-campanha-de-vacinacao-contra-gripe","status":"publish","type":"post","link":"https:\/\/hostnetart.com.br\/baixada\/funcionarios-do-santander-devem-aderir-a-campanha-de-vacinacao-contra-gripe\/","title":{"rendered":"Funcion\u00e1rios do Santander devem aderir a campanha de vacina\u00e7\u00e3o contra gripe"},"content":{"rendered":"<p>O Santander anunciou que far\u00e1 campanha de vacina\u00e7\u00e3o contra a gripe, para todas as funcion\u00e1rias e funcion\u00e1rios. A a\u00e7\u00e3o faz parte da pauta permanente do movimento sindical para a sa\u00fade dos trabalhadores.<\/p>\n<p>No comunicado da \u00faltima sexta-feira (1), o banco informou que os interessados devem aderir \u00e0 campanha at\u00e9 o dia 22 de mar\u00e7o pelo portal interno, para obedecer \u00e0s normas da lei LGPD.<\/p>\n<p>Para fazer a ades\u00e3o os empregados da ativa podem acessar: Portal Pessoas-Nossa Oferta para voc\u00ea \u2013 seu equil\u00edbrio de vacina\u00e7\u00e3o \u2013 e clicar no bot\u00e3o \u201cquero me vacinar\u201d.<\/p>\n<p>J\u00e1 os funcion\u00e1rios afastados, rec\u00e9m-contratados e os dirigentes sindicais receberam um e-mail, com o link para ades\u00e3o.<\/p>\n<p>O calend\u00e1rio de aplica\u00e7\u00f5es ser\u00e1 divulgado em abril, com as cl\u00ednicas credenciadas e demais locais para vacina\u00e7\u00e3o.<\/p>\n<p>\u201cPara n\u00f3s, a campanha de vacina\u00e7\u00e3o \u00e9 um elemento central na pauta de sa\u00fade das trabalhadoras e trabalhadores do Santander. N\u00f3s estimulamos que todos se vacinem e incentivem tamb\u00e9m a imuniza\u00e7\u00e3o de seus familiares. Vacina salva vidas e \u00e9 um dever coletivo\u201d, afirmou Wanessa Queiroz, coordenadora da Comiss\u00e3o de Organiza\u00e7\u00e3o dos Empregados (COE) do Santander.<\/p>\n<p><b>Fonte: Contraf-CUT<\/b><\/p>\n","protected":false},"excerpt":{"rendered":"<p>O Santander anunciou que far\u00e1 campanha de vacina\u00e7\u00e3o contra a gripe, para todas as funcion\u00e1rias e funcion\u00e1rios. A a\u00e7\u00e3o faz parte da pauta permanente do movimento sindical para a sa\u00fade dos trabalhadores. No comunicado da \u00faltima sexta-feira (1), o banco informou que os interessados devem aderir \u00e0 campanha at\u00e9 o dia 22 de mar\u00e7o pelo [&hellip;]<\/p>\n","protected":false},"author":2,"featured_media":15040,"comment_status":"","ping_status":"","sticky":false,"template":"","format":"standard","meta":{"footnotes":""},"categories":[3],"tags":[],"class_list":["post-15041","post","type-post","status-publish","format-standard","has-post-thumbnail","hentry","category-noticias"],"_links":{"self":[{"href":"https:\/\/hostnetart.com.br\/baixada\/wp-json\/wp\/v2\/posts\/15041","targetHints":{"allow":["GET"]}}],"collection":[{"href":"https:\/\/hostnetart.com.br\/baixada\/wp-json\/wp\/v2\/posts"}],"about":[{"href":"https:\/\/hostnetart.com.br\/baixada\/wp-json\/wp\/v2\/types\/post"}],"author":[{"embeddable":true,"href":"https:\/\/hostnetart.com.br\/baixada\/wp-json\/wp\/v2\/users\/2"}],"replies":[{"embeddable":true,"href":"https:\/\/hostnetart.com.br\/baixada\/wp-json\/wp\/v2\/comments?post=15041"}],"version-history":[{"count":0,"href":"https:\/\/hostnetart.com.br\/baixada\/wp-json\/wp\/v2\/posts\/15041\/revisions"}],"wp:featuredmedia":[{"embeddable":true,"href":"https:\/\/hostnetart.com.br\/baixada\/wp-json\/wp\/v2\/media\/15040"}],"wp:attachment":[{"href":"https:\/\/hostnetart.com.br\/baixada\/wp-json\/wp\/v2\/media?parent=15041"}],"wp:term":[{"taxonomy":"category","embeddable":true,"href":"https:\/\/hostnetart.com.br\/baixada\/wp-json\/wp\/v2\/categories?post=15041"},{"taxonomy":"post_tag","embeddable":true,"href":"https:\/\/hostnetart.com.br\/baixada\/wp-json\/wp\/v2\/tags?post=15041"}],"curies":[{"name":"wp","href":"https:\/\/api.w.org\/{rel}","templated":true}]}}