{"id":1504,"date":"2013-09-23T00:00:00","date_gmt":"2013-09-23T03:00:00","guid":{"rendered":"https:\/\/hostnetart.com.br\/baixada\/bancarios-em-greve-organizam-caminhada-na-terca-contra-pl-4330-no-rio\/"},"modified":"2013-09-23T00:00:00","modified_gmt":"2013-09-23T03:00:00","slug":"bancarios-em-greve-organizam-caminhada-na-terca-contra-pl-4330-no-rio","status":"publish","type":"post","link":"https:\/\/hostnetart.com.br\/baixada\/bancarios-em-greve-organizam-caminhada-na-terca-contra-pl-4330-no-rio\/","title":{"rendered":"Banc\u00e1rios em greve organizam caminhada na ter\u00e7a contra PL 4330 no Rio"},"content":{"rendered":"<p>O Sindicato dos Banc\u00e1rios do Rio de Janeiro est\u00e1 convocando a categoria para a caminhada em protesto contra a intransig\u00eancia dos bancos nas negocia\u00e7\u00f5es com a categoria e contra o Projeto de Lei 4330\/2004, do deputado e empres\u00e1rio Sandro Mabel (PMDB-GO), que amplia as terceiriza\u00e7\u00f5es no pa\u00eds e amea\u00e7a toda a classe trabalhadora.<\/p>\n<p>\u00a0<\/p>\n<p>A atividade come\u00e7a a partir das 18 horas na pr\u00f3xima ter\u00e7a-feira (24). Os banc\u00e1rios se concentram na Candel\u00e1ria e v\u00e3o percorrer toda a Avenida Rio Branco at\u00e9 a Cinel\u00e2ndia.<\/p>\n<p>\u00a0<\/p>\n<p>\u201cAs negocia\u00e7\u00f5es s\u00f3 v\u00e3o avan\u00e7ar se houver uma ativa participa\u00e7\u00e3o da categoria na greve e em todas as atividades do Sindicato\u201d, afirma o presidente da entidade Almir Aguiar.<\/p>\n<p>\u00a0<\/p>\n<p>A vice-presidente do Sindicato, Adriana Nalesso, tamb\u00e9m convoca os banc\u00e1rios e as banc\u00e1rias a participarem do movimento. \u201c\u00c9 preciso aumentar a press\u00e3o sobre os bancos para conquistar vit\u00f3rias na campanha salarial\u201d, destaca.<\/p>\n<p>\u00a0<\/p>\n<p>A greve da categoria cresceu em seu segundo dia nesta sexta-feira, dia 20, no Rio. O n\u00famero de unidades fechadas no Centro saltou de 180 para 209. A ades\u00e3o atingiu cinco centros administrativos: Sedan (Banco do Brasil), Barroso (Caixa), Realz\u00e3o, al\u00e9m de dois pr\u00e9dios do Santander e um do Bradesco.<\/p>\n<p>\u00a0<br \/>Nas demais regi\u00f5es da cidade, tamb\u00e9m cresceu a ades\u00e3o, especialmente nos bancos p\u00fablicos. Nesta segunda-feira (23) haver\u00e1 nova assembleia para avaliar e organizar a greve, \u00e0s 18 horas, no audit\u00f3rio do Sindicato (Avenida Presidente Vargas, 502 \u2013 21\u00b0 andar).<\/p>\n<p>\u00a0<\/p>\n<p>Com a caminhada, os sindicalistas voltar\u00e3o a protestar contra o PL 4330 dialogando com a popula\u00e7\u00e3o sobre os riscos que o projeto representa para os trabalhadores.<\/p>\n<p>\u00a0<br \/>Fonte: Contraf-CUT com Seeb Rio<\/p>\n","protected":false},"excerpt":{"rendered":"<p>O Sindicato dos Banc\u00e1rios do Rio de Janeiro est\u00e1 convocando a categoria para a caminhada em protesto contra a intransig\u00eancia dos bancos nas negocia\u00e7\u00f5es com a categoria e contra o Projeto de Lei 4330\/2004, do deputado e empres\u00e1rio Sandro Mabel (PMDB-GO), que amplia as terceiriza\u00e7\u00f5es no pa\u00eds e amea\u00e7a toda a classe trabalhadora. \u00a0 A [&hellip;]<\/p>\n","protected":false},"author":1,"featured_media":0,"comment_status":"","ping_status":"","sticky":false,"template":"","format":"standard","meta":{"footnotes":""},"categories":[3],"tags":[],"class_list":["post-1504","post","type-post","status-publish","format-standard","hentry","category-noticias"],"_links":{"self":[{"href":"https:\/\/hostnetart.com.br\/baixada\/wp-json\/wp\/v2\/posts\/1504","targetHints":{"allow":["GET"]}}],"collection":[{"href":"https:\/\/hostnetart.com.br\/baixada\/wp-json\/wp\/v2\/posts"}],"about":[{"href":"https:\/\/hostnetart.com.br\/baixada\/wp-json\/wp\/v2\/types\/post"}],"author":[{"embeddable":true,"href":"https:\/\/hostnetart.com.br\/baixada\/wp-json\/wp\/v2\/users\/1"}],"replies":[{"embeddable":true,"href":"https:\/\/hostnetart.com.br\/baixada\/wp-json\/wp\/v2\/comments?post=1504"}],"version-history":[{"count":0,"href":"https:\/\/hostnetart.com.br\/baixada\/wp-json\/wp\/v2\/posts\/1504\/revisions"}],"wp:attachment":[{"href":"https:\/\/hostnetart.com.br\/baixada\/wp-json\/wp\/v2\/media?parent=1504"}],"wp:term":[{"taxonomy":"category","embeddable":true,"href":"https:\/\/hostnetart.com.br\/baixada\/wp-json\/wp\/v2\/categories?post=1504"},{"taxonomy":"post_tag","embeddable":true,"href":"https:\/\/hostnetart.com.br\/baixada\/wp-json\/wp\/v2\/tags?post=1504"}],"curies":[{"name":"wp","href":"https:\/\/api.w.org\/{rel}","templated":true}]}}