{"id":15037,"date":"2024-03-01T17:57:31","date_gmt":"2024-03-01T20:57:31","guid":{"rendered":"https:\/\/hostnetart.com.br\/baixada\/movimento-sindical-bancario-amplia-programa-de-combate-a-violencia-contra-mulheres\/"},"modified":"2024-03-01T17:57:31","modified_gmt":"2024-03-01T20:57:31","slug":"movimento-sindical-bancario-amplia-programa-de-combate-a-violencia-contra-mulheres","status":"publish","type":"post","link":"https:\/\/hostnetart.com.br\/baixada\/movimento-sindical-bancario-amplia-programa-de-combate-a-violencia-contra-mulheres\/","title":{"rendered":"Movimento sindical banc\u00e1rio amplia programa de combate \u00e0 viol\u00eancia contra mulheres"},"content":{"rendered":"<p>As trabalhadoras do ramo financeiro iniciam as atividades do m\u00eas de mar\u00e7o, em celebra\u00e7\u00e3o ao Dia Internacional da Mulher, no pr\u00f3ximo dia 8, comemorando a expans\u00e3o e o fortalecimento do projeto \u201cBasta! N\u00e3o ir\u00e3o nos calar!\u201d, de atendimento jur\u00eddico a mulheres em situa\u00e7\u00e3o de viol\u00eancia dom\u00e9stica e familiar.<\/p>\n<p>\u201cO \u2018Basta!\u2019 foi iniciado em 2019, no Sindicato dos Banc\u00e1rios de S\u00e3o Paulo, Osasco e Regi\u00e3o, e, em seguida, abra\u00e7ado pela Confedera\u00e7\u00e3o Nacional dos Trabalhadores do Ramo Financeiro (Contraf-CUT), que oferece assessoria para a implementa\u00e7\u00e3o do projeto em outras entidades sindicais pelo pa\u00eds\u201d, explicou a secret\u00e1ria da Mulher da Contraf-CUT, Fernanda Lopes. <\/p>\n<p>\u201cAtualmente, o \u2018Basta!\u2019 est\u00e1 presente em 12 entidades, que cobrem 357 cidades, espalhadas nas cinco regi\u00f5es do pa\u00eds. Al\u00e9m disso, est\u00e1 sendo implementado pelo Sindicato dos Trabalhadores do Ramo Financeiro da Zona da Mata e Sul de Minas e pelo Sindicato dos Banc\u00e1rios de Jundia\u00ed e Regi\u00e3o, no estado de S\u00e3o Paulo. Ent\u00e3o, at\u00e9 o final do primeiro semestre deste ano, ser\u00e3o 14 canais, cobrindo 388 cidades\u201d, refor\u00e7ou.\u00a0<\/p>\n<p>\u201cPara que a igualdade entre homens e mulheres seja alcan\u00e7ada, de fato, \u00e9 preciso erradicar os ciclos de viol\u00eancia pelos quais as mulheres s\u00e3o submetidas. \u00c9 por isso que o \u2018Basta!\u2019 foi criado\u201d, destacou a coordenadora da iniciativa e assessora jur\u00eddica da Contraf-CUT, Phamela Godoy.<\/p>\n<h3>Resultados do Basta e papel da categoria\u00a0<\/h3>\n<p>Desde 2019, foram 413 mulheres atendidas. Desse total, foram geradas 198 medidas protetivas de urg\u00eancia, com base na Lei Maria da Penha.<\/p>\n<p>\u201cEsse n\u00e3o \u00e9 um assunto que n\u00f3s gostar\u00edamos de trazer, em rela\u00e7\u00e3o ao m\u00eas de mar\u00e7o, por conta do Dia Internacional da Mulher, mas infelizmente o feminic\u00eddio e a agress\u00e3o contra as mulheres seguem crescendo no pa\u00eds. E s\u00f3 falando, debatendo sobre o assunto e cuidando das mulheres agredidas \u00e9 que vamos conseguir diminuir esses \u00edndices\u201d, ponderou Fernanda Lopes.<\/p>\n<p>\u201cSempre tivemos a luta por igualdade entre homens e mulheres como um compromisso\u201d, explicou a presidenta da Contraf-CUT e coordenadora do Comando Nacional dos Banc\u00e1rios, Juvandia Moreira, ao lembrar que a categoria banc\u00e1ria, ao longo dos anos, conquistou importantes vit\u00f3rias neste tema e que servem de inspira\u00e7\u00e3o para outras categorias. \u201cAs viol\u00eancias contra as mulheres, como o feminic\u00eddio, os constrangimentos f\u00edsicos, sexuais e morais, as desigualdades econ\u00f4micas e sociais de g\u00eanero, s\u00e3o problemas de toda a sociedade\u201d, completou.\u00a0<\/p>\n<p>Ela ressaltou ainda que, em 2020, a categoria conseguiu incluir na Conven\u00e7\u00e3o Coletiva de Trabalho (CCT) dos banc\u00e1rios que as empresas devem estabelecer um programa de preven\u00e7\u00e3o \u00e0 viol\u00eancia dom\u00e9stica e familiar, que inclui a cria\u00e7\u00e3o de canais de acolhimento, orienta\u00e7\u00e3o e aux\u00edlio \u00e0s mulheres v\u00edtimas. \u201cEm, 2022, foi a vez da inclus\u00e3o, na CCT, do programa de combate ao ass\u00e9dio sexual\u201d, completou.<\/p>\n<p>Confira abaixo os canais Basta! N\u00e3o ir\u00e3o nos calar! em funcionamento:\u00a0<\/p>\n<p>1. S\u00e3o Paulo, Osasco e Regi\u00e3o\u00a0<br \/>\u2013 WhatsApp <a href=\"tel:(11) 97325-7975\">(11) 97325-7975<\/a>;\u00a0<br \/>2. Piracicaba e Regi\u00e3o, canal SindBan Acolhe\u00a0<br \/>\u2013 Telefone <a href=\"tel:(19) 3417-1333\">(19) 3417-1333<\/a>;\u00a0<br \/>3. Campinas e Regi\u00e3o, canal Mulher n\u00e3o se cale!\u00a0<br \/>\u2013 WhatsApp <a href=\"tel:(19) 99814-6417\">(19) 99814-6417<\/a>;\u00a0<br \/>4. Bras\u00edlia, canal Viva Sem Viol\u00eancia\u00a0<br \/>\u2013 WhatsApp <a href=\"tel:(61) 9292-5294\">(61) 9292-5294<\/a>;\u00a0<br \/>5. Pernambuco\u00a0<br \/>\u2013 WhatsApp <a href=\"tel:(81) 97347-3585\">(81) 97347-3585<\/a>;\u00a0<br \/>6. Para\u00edba, canal Basta de Viol\u00eancia Dom\u00e9stica contra Mulher\u00a0<br \/>\u2013 WhatsApp <a href=\"tel:(83) 9123-9845\">(83) 9123-9845<\/a>;\u00a0<br \/>7. ABC Paulista<br \/>\u2013 WhatsApp <a href=\"tel:(11) 98244-1637\">(11) 98244-1637<\/a>;\u00a0<br \/>8. Rio de Janeiro\u00a0<br \/>\u2013 WhatsApp <a href=\"tel:(21) 98013-0042\">(21) 98013-0042<\/a>;\u00a0<br \/>9. Porto Alegre e Regi\u00e3o\u00a0<br \/>\u2013 WhatsApp <a href=\"tel:(51) 97401-0902\">(51) 97401-0902<\/a>;\u00a0<br \/>10. Belo Horizonte e Regi\u00e3o\u00a0<br \/>\u2013 Telefone <a href=\"tel:(31) 3279-7800\">(31) 3279-7800<\/a>;\u00a0<br \/>11. Rond\u00f4nia\u00a0<br \/>\u2013 Telefone <a href=\"tel:(69) 9214-0464\">(69) 9214-0464<\/a>;\u00a0<br \/>12. Catanduva e Regi\u00e3o\u00a0<br \/>\u2013 Telefone <a href=\"tel:(11) 99591-7733\">(11) 99591-7733<\/a>.<\/p>\n<p><b>Fonte: Contraf-CUT<\/b><\/p>\n","protected":false},"excerpt":{"rendered":"<p>As trabalhadoras do ramo financeiro iniciam as atividades do m\u00eas de mar\u00e7o, em celebra\u00e7\u00e3o ao Dia Internacional da Mulher, no pr\u00f3ximo dia 8, comemorando a expans\u00e3o e o fortalecimento do projeto \u201cBasta! N\u00e3o ir\u00e3o nos calar!\u201d, de atendimento jur\u00eddico a mulheres em situa\u00e7\u00e3o de viol\u00eancia dom\u00e9stica e familiar. \u201cO \u2018Basta!\u2019 foi iniciado em 2019, no [&hellip;]<\/p>\n","protected":false},"author":2,"featured_media":15036,"comment_status":"","ping_status":"","sticky":false,"template":"","format":"standard","meta":{"footnotes":""},"categories":[3],"tags":[],"class_list":["post-15037","post","type-post","status-publish","format-standard","has-post-thumbnail","hentry","category-noticias"],"_links":{"self":[{"href":"https:\/\/hostnetart.com.br\/baixada\/wp-json\/wp\/v2\/posts\/15037","targetHints":{"allow":["GET"]}}],"collection":[{"href":"https:\/\/hostnetart.com.br\/baixada\/wp-json\/wp\/v2\/posts"}],"about":[{"href":"https:\/\/hostnetart.com.br\/baixada\/wp-json\/wp\/v2\/types\/post"}],"author":[{"embeddable":true,"href":"https:\/\/hostnetart.com.br\/baixada\/wp-json\/wp\/v2\/users\/2"}],"replies":[{"embeddable":true,"href":"https:\/\/hostnetart.com.br\/baixada\/wp-json\/wp\/v2\/comments?post=15037"}],"version-history":[{"count":0,"href":"https:\/\/hostnetart.com.br\/baixada\/wp-json\/wp\/v2\/posts\/15037\/revisions"}],"wp:featuredmedia":[{"embeddable":true,"href":"https:\/\/hostnetart.com.br\/baixada\/wp-json\/wp\/v2\/media\/15036"}],"wp:attachment":[{"href":"https:\/\/hostnetart.com.br\/baixada\/wp-json\/wp\/v2\/media?parent=15037"}],"wp:term":[{"taxonomy":"category","embeddable":true,"href":"https:\/\/hostnetart.com.br\/baixada\/wp-json\/wp\/v2\/categories?post=15037"},{"taxonomy":"post_tag","embeddable":true,"href":"https:\/\/hostnetart.com.br\/baixada\/wp-json\/wp\/v2\/tags?post=15037"}],"curies":[{"name":"wp","href":"https:\/\/api.w.org\/{rel}","templated":true}]}}