{"id":1503,"date":"2013-09-20T00:00:00","date_gmt":"2013-09-20T03:00:00","guid":{"rendered":"https:\/\/hostnetart.com.br\/baixada\/bancarios-fecham-6-145-agencias-em-todo-o-pais-no-primeiro-dia-da-greve\/"},"modified":"2013-09-20T00:00:00","modified_gmt":"2013-09-20T03:00:00","slug":"bancarios-fecham-6-145-agencias-em-todo-o-pais-no-primeiro-dia-da-greve","status":"publish","type":"post","link":"https:\/\/hostnetart.com.br\/baixada\/bancarios-fecham-6-145-agencias-em-todo-o-pais-no-primeiro-dia-da-greve\/","title":{"rendered":"Banc\u00e1rios fecham 6.145 ag\u00eancias em todo o pa\u00eds no primeiro dia da greve"},"content":{"rendered":"<p>Os banc\u00e1rios fecharam pelo menos 6.145 ag\u00eancias e centros administrativos de bancos p\u00fablicos e privados em 26 estados e no Distrito Federal nesta quinta-feira 19, primeiro dia da greve nacional da categoria por tempo indeterminado. S\u00e3o 1.013 unidades paralisadas a mais que no primeiro dia da greve do ano passado (5.132), um crescimento de 19,73%. Os banc\u00e1rios reivindicam 11,93% de reajuste, valoriza\u00e7\u00e3o do piso salarial, PLR maior, mais empregos e fim da rotatividade e das terceiriza\u00e7\u00f5es, melhores condi\u00e7\u00f5es de sa\u00fade e trabalho, mais seguran\u00e7a nas ag\u00eancias e igualdade de oportunidades.<\/p>\n<p>\u00a0<\/p>\n<p>O balan\u00e7o foi feito pela Confedera\u00e7\u00e3o Nacional dos Trabalhadores do Ramo Financeiro (Contraf-CUT) com base nos dados enviados at\u00e9 as 18h30 pelos 143 sindicatos que integram o Comando Nacional dos Banc\u00e1rios, que representa cerca de 95% dos 490 mil banc\u00e1rios do pa\u00eds.<\/p>\n<p>\u00a0<\/p>\n<p>\u201cOs bancos empurraram os banc\u00e1rios para a greve com sua postura intransigente \u2013 e v\u00e3o se surpreender. A forte paralisa\u00e7\u00e3o, inclusive nos bancos privados, mostra a indigna\u00e7\u00e3o da categoria com a recusa dos banqueiros em atender nossas reivindica\u00e7\u00f5es, propondo apenas 6,1% de reajuste, enquanto seus altos executivos chegam a receber at\u00e9 R$ 10 milh\u00f5es por ano\u201d, afirma Carlos Cordeiro, presidente da Contraf-CUT e coordenador do Comando Nacional dos Banc\u00e1rios.<\/p>\n<p>\u00a0<\/p>\n<p>\u201cCondi\u00e7\u00f5es financeiras os bancos t\u00eam de sobra para atender \u00e0s reivindica\u00e7\u00f5es dos banc\u00e1rios, uma vez que somente os seis maiores bancos tiveram lucro l\u00edquido de R$ 29,6 bilh\u00f5es no primeiro semestre, alcan\u00e7ando a maior rentabilidade do sistema financeiro internacional, gra\u00e7as principalmente ao aumento da produtividade dos banc\u00e1rios. N\u00e3o aceitamos a postura dos bancos, de negar aumento real para reduzir custos\u201d, acrescenta Cordeiro.<\/p>\n<p>\u00a0<\/p>\n<p>Para o presidente da Contraf-CUT, apesar dos lucros, \u201cos bancos est\u00e3o fechando postos de trabalho e piorando as condi\u00e7\u00f5es de trabalho, com aumento das metas abusivas e do ass\u00e9dio moral, o que tem provocado uma verdadeira epidemia de adoecimentos na categoria. Por falta de investimento em seguran\u00e7a, tamb\u00e9m cresce o n\u00famero de assaltos, sequestros e mortes. Mas os banqueiros se recusam a discutir esses problemas\u201d.<\/p>\n<p>\u00a0<\/p>\n<p>Os banc\u00e1rios aprovaram greve por tempo indeterminado nas assembleias realizadas em todo o pa\u00eds no dia 12 de setembro, depois de quatro rodadas duplas de negocia\u00e7\u00e3o com a Fenaban. Os bancos apresentaram a \u00fanica proposta no dia 5 de setembro.<\/p>\n<p>\u00a0<\/p>\n<p>\u00a0<\/p>\n<p><strong>As reivindica\u00e7\u00f5es gerais dos banc\u00e1rios<\/strong><\/p>\n<p>\u00a0<\/p>\n<p>&gt; Reajuste salarial de 11,93% (5% de aumento real al\u00e9m da infla\u00e7\u00e3o)<\/p>\n<p>&gt; PLR: tr\u00eas sal\u00e1rios mais R$ 5.553,15.<\/p>\n<p>&gt; Piso: R$ 2.860,21 (sal\u00e1rio m\u00ednimo do Dieese).<\/p>\n<p>&gt; Aux\u00edlios alimenta\u00e7\u00e3o, refei\u00e7\u00e3o, 13\u00aa cesta e aux\u00edlio-creche\/bab\u00e1: R$ 678 ao m\u00eas para cada (sal\u00e1rio m\u00ednimo nacional).<\/p>\n<p>&gt; Melhores condi\u00e7\u00f5es de trabalho, com o fim das metas abusivas e do ass\u00e9dio moral que adoece os banc\u00e1rios.<\/p>\n<p>&gt; Emprego: fim das demiss\u00f5es, mais contrata\u00e7\u00f5es, aumento da inclus\u00e3o banc\u00e1ria, combate \u00e0s terceiriza\u00e7\u00f5es, especialmente ao PL 4330 que precariza as condi\u00e7\u00f5es de trabalho, al\u00e9m da aplica\u00e7\u00e3o da Conven\u00e7\u00e3o 158 da OIT, que pro\u00edbe as dispensas imotivadas.<\/p>\n<p>&gt; Plano de Cargos, Carreiras e Sal\u00e1rios (PCCS) para todos os banc\u00e1rios.<\/p>\n<p>&gt; Aux\u00edlio-educa\u00e7\u00e3o: pagamento para gradua\u00e7\u00e3o e p\u00f3s-gradua\u00e7\u00e3o.<\/p>\n<p>&gt; Preven\u00e7\u00e3o contra assaltos e sequestros, com o fim da guarda das chaves de cofres e ag\u00eancias por banc\u00e1rios.<\/p>\n<p>&gt; Igualdade de oportunidades para banc\u00e1rios e banc\u00e1rias, com a contrata\u00e7\u00e3o de pelo menos 20% de negros e negras.<\/p>\n<p>\u00a0<br \/>Fonte: Contraf-CUT<\/p>\n","protected":false},"excerpt":{"rendered":"<p>Os banc\u00e1rios fecharam pelo menos 6.145 ag\u00eancias e centros administrativos de bancos p\u00fablicos e privados em 26 estados e no Distrito Federal nesta quinta-feira 19, primeiro dia da greve nacional da categoria por tempo indeterminado. S\u00e3o 1.013 unidades paralisadas a mais que no primeiro dia da greve do ano passado (5.132), um crescimento de 19,73%. [&hellip;]<\/p>\n","protected":false},"author":1,"featured_media":0,"comment_status":"","ping_status":"","sticky":false,"template":"","format":"standard","meta":{"footnotes":""},"categories":[3],"tags":[],"class_list":["post-1503","post","type-post","status-publish","format-standard","hentry","category-noticias"],"_links":{"self":[{"href":"https:\/\/hostnetart.com.br\/baixada\/wp-json\/wp\/v2\/posts\/1503","targetHints":{"allow":["GET"]}}],"collection":[{"href":"https:\/\/hostnetart.com.br\/baixada\/wp-json\/wp\/v2\/posts"}],"about":[{"href":"https:\/\/hostnetart.com.br\/baixada\/wp-json\/wp\/v2\/types\/post"}],"author":[{"embeddable":true,"href":"https:\/\/hostnetart.com.br\/baixada\/wp-json\/wp\/v2\/users\/1"}],"replies":[{"embeddable":true,"href":"https:\/\/hostnetart.com.br\/baixada\/wp-json\/wp\/v2\/comments?post=1503"}],"version-history":[{"count":0,"href":"https:\/\/hostnetart.com.br\/baixada\/wp-json\/wp\/v2\/posts\/1503\/revisions"}],"wp:attachment":[{"href":"https:\/\/hostnetart.com.br\/baixada\/wp-json\/wp\/v2\/media?parent=1503"}],"wp:term":[{"taxonomy":"category","embeddable":true,"href":"https:\/\/hostnetart.com.br\/baixada\/wp-json\/wp\/v2\/categories?post=1503"},{"taxonomy":"post_tag","embeddable":true,"href":"https:\/\/hostnetart.com.br\/baixada\/wp-json\/wp\/v2\/tags?post=1503"}],"curies":[{"name":"wp","href":"https:\/\/api.w.org\/{rel}","templated":true}]}}