{"id":15029,"date":"2024-02-29T14:43:07","date_gmt":"2024-02-29T17:43:07","guid":{"rendered":"https:\/\/hostnetart.com.br\/baixada\/caixa-paga-plr-nesta-quinta-feira-29\/"},"modified":"2024-02-29T14:43:07","modified_gmt":"2024-02-29T17:43:07","slug":"caixa-paga-plr-nesta-quinta-feira-29","status":"publish","type":"post","link":"https:\/\/hostnetart.com.br\/baixada\/caixa-paga-plr-nesta-quinta-feira-29\/","title":{"rendered":"Caixa paga PLR nesta quinta-feira (29)"},"content":{"rendered":"<p>A Caixa Econ\u00f4mica Federal anunciou, nesta quarta-feira (28), durante live realizada pelo seu presidente, Carlos Vieira, que pagar\u00e1 a segunda parcela da Participa\u00e7\u00e3o nos Lucros ou Resultados (PLR) do ano de 2023 nesta quinta-feira (29). Como o processamento \u00e9 noturno, os recursos estar\u00e3o \u00e0 disposi\u00e7\u00e3o do empregados na sexta-feira (1\u00ba\/3).<\/p>\n<p>De acordo com o que est\u00e1 definido no Acordo Coletivo de Trabalho (ACT) das empregadas e empregados da Caixa, o pagamento poderia ser efetuado at\u00e9 o dia 31 de mar\u00e7o. Com a antecipa\u00e7\u00e3o do pagamento, a Caixa atende uma <a href=\"https:\/\/contrafcut.com.br\/noticias\/cee-e-caixa-iniciam-reunioes-de-negociacoes-2024\">solicita\u00e7\u00e3o feita pela ex-coordenadora<\/a> da Comiss\u00e3o Executiva dos Empregados (CEE), Fabiana Uehara Proscholdt, durante reuni\u00e3o de negocia\u00e7\u00e3o ocorrida no dia 6 de fevereiro e <a href=\"https:\/\/contrafcut.com.br\/noticias\/contraf-cut-pede-que-caixa-antecipe-pagamento-da-plr\">formalizada por meio de of\u00edcio<\/a> enviado ao banco pela Confedera\u00e7\u00e3o Nacional dos Trabalhadores do Ramo Financeiro (Contraf-CUT).<\/p>\n<p>\u201c\u00c9 importante esta antecipa\u00e7\u00e3o de um m\u00eas. Nos meses de janeiro e fevereiro se acumulam contas a pagar o dinheiro da PLR vai ajudar nestes pagamentos\u201d, disse Fabiana Uehara, que se afastou da coordena\u00e7\u00e3o da CEE para disputar a elei\u00e7\u00e3o para a representa\u00e7\u00e3o das empregadas e empregados no Conselho de Administra\u00e7\u00e3o da Caixa. \u201cPagar a PLR logo ap\u00f3s o an\u00fancio do balan\u00e7o \u00e9 tamb\u00e9m um reconhecimento ao trabalho de quem se esfor\u00e7ou para que os resultados fossem obtidos\u201d, completou.<\/p>\n<h3><strong>PLR da Caixa<\/strong><\/h3>\n<p>O c\u00e1lculo da PLR da Caixa \u00e9 formado pela Regra B\u00e1sica da Fenaban (composta por 90% do sal\u00e1rio, mais uma parcela fixa de R$ 3.194,80, limitada ao teto de R$ 17.138,56), somada \u00e0 parcela adicional Fenaban (de 2,2% do lucro l\u00edquido distribu\u00edda linearmente entre os empregados) e pela regra da Caixa (PLR Social), que distribui linearmente mais 4% do lucro l\u00edquido. Caso os valores distribu\u00eddos referentes aos 4% do lucro l\u00edquido n\u00e3o alcancem o valor correspondente a uma Remunera\u00e7\u00e3o Base (RB), \u00e9 previsto o pagamento de uma parcela complementar, para garantir o pagamento m\u00ednimo de uma RB a cada empregado.<\/p>\n<p>O ACT prev\u00ea que o valor total anual distribu\u00eddo de PLR \u00e9 limitado \u00e0 15% do lucro l\u00edquido que a Caixa teve no ano de 2023.<\/p>\n<p>Pela regra, a t\u00edtulo de adiantamento, em setembro, deveria ser pago at\u00e9 50% do valor referente \u00e0 Regra B\u00e1sica da Fenaban (ou seja, 45% do sal\u00e1rio + uma parcela fixa de R$ 1.597,40, limitada a um teto de R$ 8.569,28), somada \u00e0 parcela adicional de 2,2% e \u00e0 PLR Social de 4% do lucro l\u00edquido semestral, distribu\u00eddos linearmente entre os empregados.<\/p>\n<p>A Caixa, por\u00e9m, optou por uma \u201cpostura conservadora\u201d e n\u00e3o pagou o valor correspondente aos 45% do sal\u00e1rio no adiantamento, reduzindo este percentual a 26%, assim como ocorreu em 2021, al\u00e9m de n\u00e3o pagar o valor referente \u00e0 parcela de garantia de metade de uma Remunera\u00e7\u00e3o Base (RB).<\/p>\n<p><strong>Fonte: Contraf-CUT<\/strong><\/p>\n","protected":false},"excerpt":{"rendered":"<p>A Caixa Econ\u00f4mica Federal anunciou, nesta quarta-feira (28), durante live realizada pelo seu presidente, Carlos Vieira, que pagar\u00e1 a segunda parcela da Participa\u00e7\u00e3o nos Lucros ou Resultados (PLR) do ano de 2023 nesta quinta-feira (29). Como o processamento \u00e9 noturno, os recursos estar\u00e3o \u00e0 disposi\u00e7\u00e3o do empregados na sexta-feira (1\u00ba\/3). De acordo com o que [&hellip;]<\/p>\n","protected":false},"author":2,"featured_media":15028,"comment_status":"","ping_status":"","sticky":false,"template":"","format":"standard","meta":{"footnotes":""},"categories":[3],"tags":[],"class_list":["post-15029","post","type-post","status-publish","format-standard","has-post-thumbnail","hentry","category-noticias"],"_links":{"self":[{"href":"https:\/\/hostnetart.com.br\/baixada\/wp-json\/wp\/v2\/posts\/15029","targetHints":{"allow":["GET"]}}],"collection":[{"href":"https:\/\/hostnetart.com.br\/baixada\/wp-json\/wp\/v2\/posts"}],"about":[{"href":"https:\/\/hostnetart.com.br\/baixada\/wp-json\/wp\/v2\/types\/post"}],"author":[{"embeddable":true,"href":"https:\/\/hostnetart.com.br\/baixada\/wp-json\/wp\/v2\/users\/2"}],"replies":[{"embeddable":true,"href":"https:\/\/hostnetart.com.br\/baixada\/wp-json\/wp\/v2\/comments?post=15029"}],"version-history":[{"count":0,"href":"https:\/\/hostnetart.com.br\/baixada\/wp-json\/wp\/v2\/posts\/15029\/revisions"}],"wp:featuredmedia":[{"embeddable":true,"href":"https:\/\/hostnetart.com.br\/baixada\/wp-json\/wp\/v2\/media\/15028"}],"wp:attachment":[{"href":"https:\/\/hostnetart.com.br\/baixada\/wp-json\/wp\/v2\/media?parent=15029"}],"wp:term":[{"taxonomy":"category","embeddable":true,"href":"https:\/\/hostnetart.com.br\/baixada\/wp-json\/wp\/v2\/categories?post=15029"},{"taxonomy":"post_tag","embeddable":true,"href":"https:\/\/hostnetart.com.br\/baixada\/wp-json\/wp\/v2\/tags?post=15029"}],"curies":[{"name":"wp","href":"https:\/\/api.w.org\/{rel}","templated":true}]}}