{"id":15025,"date":"2024-02-28T13:32:29","date_gmt":"2024-02-28T16:32:29","guid":{"rendered":"https:\/\/hostnetart.com.br\/baixada\/28-de-fevereiro-dia-mundial-de-combate-as-ler-dort\/"},"modified":"2024-02-28T13:32:29","modified_gmt":"2024-02-28T16:32:29","slug":"28-de-fevereiro-dia-mundial-de-combate-as-ler-dort","status":"publish","type":"post","link":"https:\/\/hostnetart.com.br\/baixada\/28-de-fevereiro-dia-mundial-de-combate-as-ler-dort\/","title":{"rendered":"28 de fevereiro: Dia Mundial de Combate \u00e0s LER\/Dort"},"content":{"rendered":"<p>O dia 28 de fevereiro foi escolhido pela Organiza\u00e7\u00e3o Internacional do Trabalho (OIT) como o Dia Mundial de Combate \u00e0s Les\u00f5es por Esfor\u00e7os Repetitivos (LER) e Dist\u00farbios Osteomusculares Relacionados ao Trabalho (Dort). A OIT \u00e9 uma ag\u00eancia multilateral da Organiza\u00e7\u00e3o das Na\u00e7\u00f5es Unidas (ONU), respons\u00e1vel em definir e promover normas e princ\u00edpios voltados aos direitos fundamentais no trabalho.\u00a0 E a data chama aten\u00e7\u00e3o para doen\u00e7as que t\u00eam rela\u00e7\u00e3o direta com o trabalho e que atingem milh\u00f5es de brasileiros.<\/p>\n<p>As Ler\/Dort \u2013 les\u00f5es por esfor\u00e7os repetitivos\/dist\u00farbios osteomoleculares \u2013 s\u00e3o um grupo de doen\u00e7as (tendinite, bursite, mialgias etc.) fundamentalmente relacionadas ao trabalho. De acordo com o Minist\u00e9rio da Sa\u00fade, LER\/ Dort s\u00e3o \u201cdanos decorrentes da utiliza\u00e7\u00e3o excessiva do sistema que movimenta o esqueleto humano e da falta de tempo para recupera\u00e7\u00e3o\u201d. Caracterizam-se pela ocorr\u00eancia de v\u00e1rios sintomas, de aparecimento quase sempre em est\u00e1gio avan\u00e7ado, que ocorrem geralmente nos membros superiores, tais como dor, sensa\u00e7\u00e3o de peso e fadiga. Algumas das principais, que acometem os trabalhadores, s\u00e3o as les\u00f5es no ombro e as inflama\u00e7\u00f5es em articula\u00e7\u00f5es e nos tecidos que cobrem os tend\u00f5es.<\/p>\n<p>Para o secret\u00e1rio de Sa\u00fade da Confedera\u00e7\u00e3o Nacional dos Trabalhadores do Ramo Financeiro (Contraf-CUT), Mauro Salles, as LER\/Dort s\u00e3o um grave problema de sa\u00fade em nossa categoria. \u201cA intensifica\u00e7\u00e3o do trabalho em condi\u00e7\u00f5es inadequadas gera uma legi\u00e3o de adoecidos. A cobran\u00e7a de medidas preventivas e a garantia de aten\u00e7\u00e3o aos portadores de les\u00f5es \u00e9 uma pauta permanente do movimento sindical banc\u00e1rio. Esta data \u00e9 refer\u00eancia para lembrarmos de forma permanente nossos direitos. Acima de tudo, o direito \u00e0 sa\u00fade e condi\u00e7\u00f5es de trabalho dignas\u201d.<\/p>\n<p><strong>Fonte: Contraf-CUT<\/strong><\/p>\n","protected":false},"excerpt":{"rendered":"<p>O dia 28 de fevereiro foi escolhido pela Organiza\u00e7\u00e3o Internacional do Trabalho (OIT) como o Dia Mundial de Combate \u00e0s Les\u00f5es por Esfor\u00e7os Repetitivos (LER) e Dist\u00farbios Osteomusculares Relacionados ao Trabalho (Dort). A OIT \u00e9 uma ag\u00eancia multilateral da Organiza\u00e7\u00e3o das Na\u00e7\u00f5es Unidas (ONU), respons\u00e1vel em definir e promover normas e princ\u00edpios voltados aos direitos [&hellip;]<\/p>\n","protected":false},"author":2,"featured_media":15024,"comment_status":"","ping_status":"","sticky":false,"template":"","format":"standard","meta":{"footnotes":""},"categories":[3],"tags":[],"class_list":["post-15025","post","type-post","status-publish","format-standard","has-post-thumbnail","hentry","category-noticias"],"_links":{"self":[{"href":"https:\/\/hostnetart.com.br\/baixada\/wp-json\/wp\/v2\/posts\/15025","targetHints":{"allow":["GET"]}}],"collection":[{"href":"https:\/\/hostnetart.com.br\/baixada\/wp-json\/wp\/v2\/posts"}],"about":[{"href":"https:\/\/hostnetart.com.br\/baixada\/wp-json\/wp\/v2\/types\/post"}],"author":[{"embeddable":true,"href":"https:\/\/hostnetart.com.br\/baixada\/wp-json\/wp\/v2\/users\/2"}],"replies":[{"embeddable":true,"href":"https:\/\/hostnetart.com.br\/baixada\/wp-json\/wp\/v2\/comments?post=15025"}],"version-history":[{"count":0,"href":"https:\/\/hostnetart.com.br\/baixada\/wp-json\/wp\/v2\/posts\/15025\/revisions"}],"wp:featuredmedia":[{"embeddable":true,"href":"https:\/\/hostnetart.com.br\/baixada\/wp-json\/wp\/v2\/media\/15024"}],"wp:attachment":[{"href":"https:\/\/hostnetart.com.br\/baixada\/wp-json\/wp\/v2\/media?parent=15025"}],"wp:term":[{"taxonomy":"category","embeddable":true,"href":"https:\/\/hostnetart.com.br\/baixada\/wp-json\/wp\/v2\/categories?post=15025"},{"taxonomy":"post_tag","embeddable":true,"href":"https:\/\/hostnetart.com.br\/baixada\/wp-json\/wp\/v2\/tags?post=15025"}],"curies":[{"name":"wp","href":"https:\/\/api.w.org\/{rel}","templated":true}]}}