{"id":14995,"date":"2024-02-20T14:24:40","date_gmt":"2024-02-20T17:24:40","guid":{"rendered":"https:\/\/hostnetart.com.br\/baixada\/sindicato-dos-bancarios-da-baixada-fluminense-apoia-fabiana-uehara-para-ca-da-caixa\/"},"modified":"2024-02-20T14:24:40","modified_gmt":"2024-02-20T17:24:40","slug":"sindicato-dos-bancarios-da-baixada-fluminense-apoia-fabiana-uehara-para-ca-da-caixa","status":"publish","type":"post","link":"https:\/\/hostnetart.com.br\/baixada\/sindicato-dos-bancarios-da-baixada-fluminense-apoia-fabiana-uehara-para-ca-da-caixa\/","title":{"rendered":"Sindicato dos Banc\u00e1rios da Baixada Fluminense apoia Fabiana Uehara para CA da Caixa"},"content":{"rendered":"<p>O Sindicato dos Banc\u00e1rios da Baixada Fluminense manifesta o seu apoio \u00e0 candidatura de Fabiana Uehara Proscholdt na elei\u00e7\u00e3o para representante dos empregados no Conselho de Administra\u00e7\u00e3o (CA) da Caixa, que acontece entre os dias 26 e 29 de fevereiro.<\/p>\n<p>Fabiana Uehara Proscholdt, que concorre na elei\u00e7\u00e3o do CA com o n\u00famero 0002, \u00e9 empregada da Caixa h\u00e1 23 anos, com experi\u00eancia na rede, filiais e na matriz. Atualmente \u00e9 coordenadora da CEE\/Caixa (Comiss\u00e3o de Empresa dos Empregados da Caixa), diretora executiva da Contraf-CUT (Confedera\u00e7\u00e3o Nacional dos Trabalhadores do Ramo Financeiro) e diretora do Sindicato dos Empregados em Estabelecimentos Banc\u00e1rios de Bras\u00edlia.<\/p>\n<p>Como coordenadora da CEE\/Caixa, Fabiana teve atua\u00e7\u00e3o fundamental em in\u00fameros embates com a dire\u00e7\u00e3o da Caixa como, por exemplo, na prote\u00e7\u00e3o dos empregados na pandemia da Covid-19; na Promo\u00e7\u00e3o por M\u00e9rito; no Sa\u00fade Caixa; na defesa dos direitos durante as reestrutura\u00e7\u00f5es; em campanhas salariais; e na luta conta o fatiamento do banco.<\/p>\n<p>Fabiana Uehara \u00e9 Bacharel em direito e possui diversos cursos de especializa\u00e7\u00e3o e p\u00f3s-gradua\u00e7\u00e3o como Com\u00e9rcio Exterior e Rela\u00e7\u00f5es Internacionais, Gest\u00e3o de Pessoas; e Lideran\u00e7a e Media\u00e7\u00e3o de Conflitos (cursando).<\/p>\n<h2><span style=\"text-decoration: underline;\"><strong>Elei\u00e7\u00f5es CA<\/strong><\/span><\/h2>\n<p>Se a elei\u00e7\u00e3o n\u00e3o for decidida no primeiro turno, caso nenhum candidato obtenha 50% mais um dos votos, haver\u00e1 vota\u00e7\u00e3o em segundo turno entre 11 e 14 de mar\u00e7o. A divulga\u00e7\u00e3o do resultado do primeiro turno est\u00e1 marcada para 1\u00b0 de mar\u00e7o e, a do segundo turno, para 15 de mar\u00e7o.\u00a0<\/p>\n<p>A vota\u00e7\u00e3o ocorrer\u00e1 pela intranet da Caixa. Para votar, basta que o empregado acesse o site:\u00a0<a href=\"https:\/\/eleicaoca.caixa.gov.br\/siele\">eleicaoca.caixa.gov.br\/siele<\/a>. \u00a0<\/p>\n<p><strong>Para votar em Fabi Uehara, digite 0002.\u00a0<\/strong><\/p>\n<h2><span style=\"text-decoration: underline;\"><strong>CA Caixa<\/strong><\/span><\/h2>\n<p>O Conselho de Administra\u00e7\u00e3o da Caixa \u00e9 a principal inst\u00e2ncia decis\u00f3ria do banco e possui oito membros: o presidente do banco, seis conselheiros indicados pelo governo federal e um eleito pelos empregados.<\/p>\n<p>Conquista hist\u00f3rica dos trabalhadores, como resultado da luta das entidades sindicais e associativas, a elei\u00e7\u00e3o de representante dos empregados na Caixa tornou-se uma realidade a partir de 2013.<\/p>\n<p>O papel do conselheiro eleito \u00e9 representar os anseios dos trabalhadores, defender a integridade do banco e fiscalizar as a\u00e7\u00f5es da gest\u00e3o.<\/p>\n","protected":false},"excerpt":{"rendered":"<p>O Sindicato dos Banc\u00e1rios da Baixada Fluminense manifesta o seu apoio \u00e0 candidatura de Fabiana Uehara Proscholdt na elei\u00e7\u00e3o para representante dos empregados no Conselho de Administra\u00e7\u00e3o (CA) da Caixa, que acontece entre os dias 26 e 29 de fevereiro. Fabiana Uehara Proscholdt, que concorre na elei\u00e7\u00e3o do CA com o n\u00famero 0002, \u00e9 empregada [&hellip;]<\/p>\n","protected":false},"author":2,"featured_media":14994,"comment_status":"","ping_status":"","sticky":false,"template":"","format":"standard","meta":{"footnotes":""},"categories":[3],"tags":[],"class_list":["post-14995","post","type-post","status-publish","format-standard","has-post-thumbnail","hentry","category-noticias"],"_links":{"self":[{"href":"https:\/\/hostnetart.com.br\/baixada\/wp-json\/wp\/v2\/posts\/14995","targetHints":{"allow":["GET"]}}],"collection":[{"href":"https:\/\/hostnetart.com.br\/baixada\/wp-json\/wp\/v2\/posts"}],"about":[{"href":"https:\/\/hostnetart.com.br\/baixada\/wp-json\/wp\/v2\/types\/post"}],"author":[{"embeddable":true,"href":"https:\/\/hostnetart.com.br\/baixada\/wp-json\/wp\/v2\/users\/2"}],"replies":[{"embeddable":true,"href":"https:\/\/hostnetart.com.br\/baixada\/wp-json\/wp\/v2\/comments?post=14995"}],"version-history":[{"count":0,"href":"https:\/\/hostnetart.com.br\/baixada\/wp-json\/wp\/v2\/posts\/14995\/revisions"}],"wp:featuredmedia":[{"embeddable":true,"href":"https:\/\/hostnetart.com.br\/baixada\/wp-json\/wp\/v2\/media\/14994"}],"wp:attachment":[{"href":"https:\/\/hostnetart.com.br\/baixada\/wp-json\/wp\/v2\/media?parent=14995"}],"wp:term":[{"taxonomy":"category","embeddable":true,"href":"https:\/\/hostnetart.com.br\/baixada\/wp-json\/wp\/v2\/categories?post=14995"},{"taxonomy":"post_tag","embeddable":true,"href":"https:\/\/hostnetart.com.br\/baixada\/wp-json\/wp\/v2\/tags?post=14995"}],"curies":[{"name":"wp","href":"https:\/\/api.w.org\/{rel}","templated":true}]}}