{"id":14993,"date":"2024-02-20T14:22:49","date_gmt":"2024-02-20T17:22:49","guid":{"rendered":"https:\/\/hostnetart.com.br\/baixada\/ca-da-caixa-falta-uma-semana-para-comecar-a-votacao\/"},"modified":"2024-02-20T14:22:49","modified_gmt":"2024-02-20T17:22:49","slug":"ca-da-caixa-falta-uma-semana-para-comecar-a-votacao","status":"publish","type":"post","link":"https:\/\/hostnetart.com.br\/baixada\/ca-da-caixa-falta-uma-semana-para-comecar-a-votacao\/","title":{"rendered":"CA da Caixa: Falta uma semana para come\u00e7ar a vota\u00e7\u00e3o"},"content":{"rendered":"<p>Daqui a uma semana, as empregadas e empregados da Caixa Econ\u00f4mica Federal come\u00e7am a votar para escolher sua representante no Conselho Administrativo do banco, que decide a estrat\u00e9gia de longo prazo da Caixa, levando em conta os impactos decorrentes de suas atividades na sociedade.<\/p>\n<p>\u201cPara defender a estrat\u00e9gia da Caixa como banco p\u00fablico, assim como os interesses da sociedade e das empregadas e empregados, \u00e9 fundamental termos no CA uma conselheira com pulso firme, como a Fabiana Uehara, que j\u00e1 mostrou que n\u00e3o se cala diante de ataques ao banco ou \u00e0s empregadas e empregados\u201d, disse a empregada da Caixa e diretora executiva da Confedera\u00e7\u00e3o Nacional dos Trabalhadores do Ramo Financeiro (Contraf-CUT), Eliana Brasil, ao lembrar de epis\u00f3dios ocorridos nas \u00faltimas gest\u00f5es, em que Fabiana se levantou para defender a Caixa e seus empregados.<\/p>\n<h3><strong>Qualidade<\/strong><\/h3>\n<p>Eliana ressaltou tamb\u00e9m que, para que a popula\u00e7\u00e3o n\u00e3o seja prejudicada, um banco p\u00fablico n\u00e3o pode promover grandes redu\u00e7\u00f5es do quadro de pessoal, nem de ag\u00eancias. \u201cE n\u00e3o pode colocar a cobran\u00e7a de metas, e tampouco da sa\u00fade das empregadas e empregados, acima da qualidade no atendimento\u201d, afirmou. \u201cTamb\u00e9m \u00e9 preciso garantir boas condi\u00e7\u00f5es de trabalho, sem ass\u00e9dio ou cobran\u00e7a abusiva de metas\u201d, acrescentou.<\/p>\n<h3><strong>Sintonia com empregados<\/strong><\/h3>\n<p>Fabiana, que coordenou a Comiss\u00e3o Executiva dos Empregados (CEE) nos \u00faltimos quatro anos, conta com o apoio da grande maioria das entidades de representa\u00e7\u00e3o e associativas das empregadas e empregados da Caixa e vai continuar a atuar no CA em sintonia com as reivindica\u00e7\u00f5es dos trabalhadores, na busca por melhores condi\u00e7\u00f5es de trabalho.<\/p>\n<h3><strong>Propostas<\/strong><\/h3>\n<p>Veja abaixo as principais propostas da Fabiana Uehara.<\/p>\n<ul>\n<li>Lutar pela altera\u00e7\u00e3o do atual estatuto do banco, que permitiu o fatiamento e venda de partes da Caixa e limita direitos dos empregados, como na restri\u00e7\u00e3o para o custeio do Sa\u00fade Caixa;<\/li>\n<li>Garantir a efetiva transpar\u00eancia na gest\u00e3o da empresa;<\/li>\n<li>Atuar no Conselho em sintonia com as reivindica\u00e7\u00f5es dos empregados, na busca por melhores condi\u00e7\u00f5es de trabalho;<\/li>\n<li>Cobrar o resultado das apura\u00e7\u00f5es das den\u00fancias de ass\u00e9dio por parte de ex-dirigentes;<\/li>\n<li>Trabalhar em conjunto com as entidades pela ado\u00e7\u00e3o de uma pol\u00edtica de combate ao ass\u00e9dio moral, sexual e demais formas de viol\u00eancia organizacional;<\/li>\n<li>Atuar pelo fortalecimento da Caixa:\n<ul>\n<li>Pela reincorpora\u00e7\u00e3o das subsidi\u00e1rias;<\/li>\n<\/ul>\n<ul>\n<li>Pela manuten\u00e7\u00e3o da exclusividade na administra\u00e7\u00e3o das loterias;<\/li>\n<\/ul>\n<ul>\n<li>Pela exclusividade da manuten\u00e7\u00e3o do penhor.<\/li>\n<\/ul>\n<\/li>\n<\/ul>\n<p><strong>E mais!<\/strong><\/p>\n<ul>\n<li>Fabiana Uehara pautar\u00e1 a pol\u00edtica de remunera\u00e7\u00e3o da Caixa, defendendo a participa\u00e7\u00e3o dos empregados na defini\u00e7\u00e3o de programas como o B\u00f4nus Caixa, comiss\u00f5es pela venda de produtos etc.<\/li>\n<li>Fabiana Uehara cobrar\u00e1 resolu\u00e7\u00e3o das \u201cpend\u00eancias\u201d deixadas pelas gest\u00f5es anteriores, causadas, por exemplo, pelos processos de reestrutura\u00e7\u00e3o.<\/li>\n<\/ul>\n<h3><strong>Como votar<\/strong><\/h3>\n<p>A vota\u00e7\u00e3o para a escolha da representante das empregadas e empregados no Conselho de Administra\u00e7\u00e3o da Caixa ser\u00e1 de 26 a 29 de fevereiro. Todos os empregados da ativa podem votar.<\/p>\n<p>A vota\u00e7\u00e3o ser\u00e1 pela intranet da Caixa. Para votar, basta que as empregadas e empregados acessem o site\u00a0<a href=\"http:\/\/eleicaoca.caixa.gov.br\/siele\" target=\"_blank\" rel=\"noopener noreferrer\">eleicaoca.caixa.gov.br\/siele<\/a>, e digitem 0002 para votar na Fabiana Uehara.<\/p>\n<p><strong>Fonte: Contraf-CUT<\/strong><\/p>\n","protected":false},"excerpt":{"rendered":"<p>Daqui a uma semana, as empregadas e empregados da Caixa Econ\u00f4mica Federal come\u00e7am a votar para escolher sua representante no Conselho Administrativo do banco, que decide a estrat\u00e9gia de longo prazo da Caixa, levando em conta os impactos decorrentes de suas atividades na sociedade. \u201cPara defender a estrat\u00e9gia da Caixa como banco p\u00fablico, assim como [&hellip;]<\/p>\n","protected":false},"author":2,"featured_media":14992,"comment_status":"","ping_status":"","sticky":false,"template":"","format":"standard","meta":{"footnotes":""},"categories":[3],"tags":[],"class_list":["post-14993","post","type-post","status-publish","format-standard","has-post-thumbnail","hentry","category-noticias"],"_links":{"self":[{"href":"https:\/\/hostnetart.com.br\/baixada\/wp-json\/wp\/v2\/posts\/14993","targetHints":{"allow":["GET"]}}],"collection":[{"href":"https:\/\/hostnetart.com.br\/baixada\/wp-json\/wp\/v2\/posts"}],"about":[{"href":"https:\/\/hostnetart.com.br\/baixada\/wp-json\/wp\/v2\/types\/post"}],"author":[{"embeddable":true,"href":"https:\/\/hostnetart.com.br\/baixada\/wp-json\/wp\/v2\/users\/2"}],"replies":[{"embeddable":true,"href":"https:\/\/hostnetart.com.br\/baixada\/wp-json\/wp\/v2\/comments?post=14993"}],"version-history":[{"count":0,"href":"https:\/\/hostnetart.com.br\/baixada\/wp-json\/wp\/v2\/posts\/14993\/revisions"}],"wp:featuredmedia":[{"embeddable":true,"href":"https:\/\/hostnetart.com.br\/baixada\/wp-json\/wp\/v2\/media\/14992"}],"wp:attachment":[{"href":"https:\/\/hostnetart.com.br\/baixada\/wp-json\/wp\/v2\/media?parent=14993"}],"wp:term":[{"taxonomy":"category","embeddable":true,"href":"https:\/\/hostnetart.com.br\/baixada\/wp-json\/wp\/v2\/categories?post=14993"},{"taxonomy":"post_tag","embeddable":true,"href":"https:\/\/hostnetart.com.br\/baixada\/wp-json\/wp\/v2\/tags?post=14993"}],"curies":[{"name":"wp","href":"https:\/\/api.w.org\/{rel}","templated":true}]}}