{"id":14979,"date":"2024-02-15T14:39:46","date_gmt":"2024-02-15T17:39:46","guid":{"rendered":"https:\/\/hostnetart.com.br\/baixada\/santander-paga-plr-no-dia-29-de-fevereiro\/"},"modified":"2024-02-15T14:39:46","modified_gmt":"2024-02-15T17:39:46","slug":"santander-paga-plr-no-dia-29-de-fevereiro","status":"publish","type":"post","link":"https:\/\/hostnetart.com.br\/baixada\/santander-paga-plr-no-dia-29-de-fevereiro\/","title":{"rendered":"Santander paga PLR no dia 29 de fevereiro"},"content":{"rendered":"<p>O Santander anunciou que far\u00e1 a antecipa\u00e7\u00e3o do pagamento da segunda parcela da Participa\u00e7\u00e3o nos Lucros e Resultados (PLR) no dia 29 de fevereiro, junto com a vari\u00e1vel semestral e o PPRS. Este ano ser\u00e1 de R$ 2.902,00.<\/p>\n<p>\u201cO PPRS \u00e9 uma conquista importante dos trabalhadores do Santander, fruto da negocia\u00e7\u00e3o do movimento sindical e garantida no Acordo Coletivo de Trabalho do Santander\u201d, enfatiza Wanessa de Queiroz Paix\u00e3o, coordenadora da Comiss\u00e3o de Organiza\u00e7\u00e3o dos Empregados do Santander.<\/p>\n<p>A t\u00edtulo de PLR, os funcion\u00e1rios que recebem at\u00e9 R$11 mil receber\u00e3o 2,2 sal\u00e1rios, mais a parcela adicional. \u201c\u00c9 uma boa not\u00edcia para os banc\u00e1rios, especialmente aqueles que recebem at\u00e9 R$ 11 mil, pois o banco vai manter o pagamento de 2,2 sal\u00e1rios mais a parcela adicional, mesmo sofrendo impacto do aumento da PDD e com a queda no resultado. N\u00f3s vamos disponibilizar nos pr\u00f3ximos dias um simulador por meio do qual os banc\u00e1rios poder\u00e3o fazer a simula\u00e7\u00e3o do valor que ir\u00e1 receber\u201d, ressalta Wanessa.<\/p>\n<p>A PLR dos banc\u00e1rios \u00e9 determinada pelo lucro anual do banco, e o pagamento \u00e9 efetuado em duas parcelas, a primeira sendo creditada at\u00e9 30 de setembro (antecipa\u00e7\u00e3o), e a segunda at\u00e9 1\u00ba de mar\u00e7o do ano seguinte, quando o lucro do Santander j\u00e1 est\u00e1 consolidado.<\/p>\n<p>O c\u00e1lculo da segunda parcela da PLR dos banc\u00e1rios \u00e9 dado pela f\u00f3rmula \u201cRegra Majorada menos a antecipa\u00e7\u00e3o\u201d. Al\u00e9m da Regra B\u00e1sica\/Majorada tamb\u00e9m h\u00e1 a distribui\u00e7\u00e3o de 2,2% do lucro l\u00edquido de forma linear a todos os trabalhadores, com um teto a ser definido em cada negocia\u00e7\u00e3o.<\/p>\n<p><strong>Fonte: Contraf-CUT<\/strong><\/p>\n","protected":false},"excerpt":{"rendered":"<p>O Santander anunciou que far\u00e1 a antecipa\u00e7\u00e3o do pagamento da segunda parcela da Participa\u00e7\u00e3o nos Lucros e Resultados (PLR) no dia 29 de fevereiro, junto com a vari\u00e1vel semestral e o PPRS. Este ano ser\u00e1 de R$ 2.902,00. \u201cO PPRS \u00e9 uma conquista importante dos trabalhadores do Santander, fruto da negocia\u00e7\u00e3o do movimento sindical e [&hellip;]<\/p>\n","protected":false},"author":2,"featured_media":14978,"comment_status":"","ping_status":"","sticky":false,"template":"","format":"standard","meta":{"footnotes":""},"categories":[3],"tags":[],"class_list":["post-14979","post","type-post","status-publish","format-standard","has-post-thumbnail","hentry","category-noticias"],"_links":{"self":[{"href":"https:\/\/hostnetart.com.br\/baixada\/wp-json\/wp\/v2\/posts\/14979","targetHints":{"allow":["GET"]}}],"collection":[{"href":"https:\/\/hostnetart.com.br\/baixada\/wp-json\/wp\/v2\/posts"}],"about":[{"href":"https:\/\/hostnetart.com.br\/baixada\/wp-json\/wp\/v2\/types\/post"}],"author":[{"embeddable":true,"href":"https:\/\/hostnetart.com.br\/baixada\/wp-json\/wp\/v2\/users\/2"}],"replies":[{"embeddable":true,"href":"https:\/\/hostnetart.com.br\/baixada\/wp-json\/wp\/v2\/comments?post=14979"}],"version-history":[{"count":0,"href":"https:\/\/hostnetart.com.br\/baixada\/wp-json\/wp\/v2\/posts\/14979\/revisions"}],"wp:featuredmedia":[{"embeddable":true,"href":"https:\/\/hostnetart.com.br\/baixada\/wp-json\/wp\/v2\/media\/14978"}],"wp:attachment":[{"href":"https:\/\/hostnetart.com.br\/baixada\/wp-json\/wp\/v2\/media?parent=14979"}],"wp:term":[{"taxonomy":"category","embeddable":true,"href":"https:\/\/hostnetart.com.br\/baixada\/wp-json\/wp\/v2\/categories?post=14979"},{"taxonomy":"post_tag","embeddable":true,"href":"https:\/\/hostnetart.com.br\/baixada\/wp-json\/wp\/v2\/tags?post=14979"}],"curies":[{"name":"wp","href":"https:\/\/api.w.org\/{rel}","templated":true}]}}