{"id":14975,"date":"2024-02-09T17:48:22","date_gmt":"2024-02-09T20:48:22","guid":{"rendered":"https:\/\/hostnetart.com.br\/baixada\/bradesco-paga-plr-no-dia-19-de-fevereiro\/"},"modified":"2024-02-09T17:48:22","modified_gmt":"2024-02-09T20:48:22","slug":"bradesco-paga-plr-no-dia-19-de-fevereiro","status":"publish","type":"post","link":"https:\/\/hostnetart.com.br\/baixada\/bradesco-paga-plr-no-dia-19-de-fevereiro\/","title":{"rendered":"Bradesco paga PLR no dia 19 de fevereiro"},"content":{"rendered":"<p>O Bradesco atendeu a reivindica\u00e7\u00e3o da Confedera\u00e7\u00e3o Nacional dos Trabalhadores do Ramo Financeiro (Contraf-CUT), feito pela Comiss\u00e3o de Organiza\u00e7\u00e3o dos Empregados (COE), e anunciou a antecipa\u00e7\u00e3o do pagamento da segunda parcela da Participa\u00e7\u00e3o nos Lucros e Resultados (PLR) para o dia 19 de fevereiro.<\/p>\n<p><strong>Fonte: Contraf-CUT<\/strong><\/p>\n","protected":false},"excerpt":{"rendered":"<p>O Bradesco atendeu a reivindica\u00e7\u00e3o da Confedera\u00e7\u00e3o Nacional dos Trabalhadores do Ramo Financeiro (Contraf-CUT), feito pela Comiss\u00e3o de Organiza\u00e7\u00e3o dos Empregados (COE), e anunciou a antecipa\u00e7\u00e3o do pagamento da segunda parcela da Participa\u00e7\u00e3o nos Lucros e Resultados (PLR) para o dia 19 de fevereiro. Fonte: Contraf-CUT<\/p>\n","protected":false},"author":2,"featured_media":14974,"comment_status":"","ping_status":"","sticky":false,"template":"","format":"standard","meta":{"footnotes":""},"categories":[3],"tags":[],"class_list":["post-14975","post","type-post","status-publish","format-standard","has-post-thumbnail","hentry","category-noticias"],"_links":{"self":[{"href":"https:\/\/hostnetart.com.br\/baixada\/wp-json\/wp\/v2\/posts\/14975","targetHints":{"allow":["GET"]}}],"collection":[{"href":"https:\/\/hostnetart.com.br\/baixada\/wp-json\/wp\/v2\/posts"}],"about":[{"href":"https:\/\/hostnetart.com.br\/baixada\/wp-json\/wp\/v2\/types\/post"}],"author":[{"embeddable":true,"href":"https:\/\/hostnetart.com.br\/baixada\/wp-json\/wp\/v2\/users\/2"}],"replies":[{"embeddable":true,"href":"https:\/\/hostnetart.com.br\/baixada\/wp-json\/wp\/v2\/comments?post=14975"}],"version-history":[{"count":0,"href":"https:\/\/hostnetart.com.br\/baixada\/wp-json\/wp\/v2\/posts\/14975\/revisions"}],"wp:featuredmedia":[{"embeddable":true,"href":"https:\/\/hostnetart.com.br\/baixada\/wp-json\/wp\/v2\/media\/14974"}],"wp:attachment":[{"href":"https:\/\/hostnetart.com.br\/baixada\/wp-json\/wp\/v2\/media?parent=14975"}],"wp:term":[{"taxonomy":"category","embeddable":true,"href":"https:\/\/hostnetart.com.br\/baixada\/wp-json\/wp\/v2\/categories?post=14975"},{"taxonomy":"post_tag","embeddable":true,"href":"https:\/\/hostnetart.com.br\/baixada\/wp-json\/wp\/v2\/tags?post=14975"}],"curies":[{"name":"wp","href":"https:\/\/api.w.org\/{rel}","templated":true}]}}