{"id":14973,"date":"2024-02-09T14:57:37","date_gmt":"2024-02-09T17:57:37","guid":{"rendered":"https:\/\/hostnetart.com.br\/baixada\/errata\/"},"modified":"2026-08-19T19:50:53","modified_gmt":"2026-08-19T22:50:53","slug":"errata","status":"publish","type":"post","link":"https:\/\/hostnetart.com.br\/baixada\/errata\/","title":{"rendered":"Errata"},"content":{"rendered":"<p>O Sindicato dos Banc\u00e1rios da Baixada Fluminense vem a p\u00fablico informar que a publica\u00e7\u00e3o feita no dia 14 de agosto de 2019, sob o t\u00edtulo \u201cAtos contra cortes de Bolsonaro na educa\u00e7\u00e3o e contra a reforma re\u00fane 1,5 milh\u00e3o em 204 cidades\u201d e link \u201c<a href=\"https:\/\/hostnetart.com.br\/baixada\/?p=7350\" rel=\"alternate\">https:\/\/www.bancariosbaixada.org.br\/index.php\/noticias\/item\/4575-atos-contra-cortes-debolsonaro-na-educacao-e-contra-a-reforma-reune-1-5-milhao-em-204-cidades<\/a>\u201d, no que toca \u00e0 fotografia que ilustra a not\u00edcia publicada, reporto-me aos leitores com o fim de devidamente atribuir sua autoria ao fot\u00f3grafo LUIZ EDUARDO MATYSIAK DA ROZA\u201d.<\/p>\n","protected":false},"excerpt":{"rendered":"<p>O Sindicato dos Banc\u00e1rios da Baixada Fluminense vem a p\u00fablico informar que a publica\u00e7\u00e3o feita no dia 14 de agosto de 2019, sob o t\u00edtulo \u201cAtos contra cortes de Bolsonaro na educa\u00e7\u00e3o e contra a reforma re\u00fane 1,5 milh\u00e3o em 204 cidades\u201d e link \u201chttps:\/\/www.bancariosbaixada.org.br\/index.php\/noticias\/item\/4575-atos-contra-cortes-debolsonaro-na-educacao-e-contra-a-reforma-reune-1-5-milhao-em-204-cidades\u201d, no que toca \u00e0 fotografia que ilustra a not\u00edcia publicada, [&hellip;]<\/p>\n","protected":false},"author":2,"featured_media":14972,"comment_status":"closed","ping_status":"","sticky":false,"template":"","format":"standard","meta":{"footnotes":""},"categories":[3],"tags":[],"class_list":["post-14973","post","type-post","status-publish","format-standard","has-post-thumbnail","hentry","category-noticias"],"_links":{"self":[{"href":"https:\/\/hostnetart.com.br\/baixada\/wp-json\/wp\/v2\/posts\/14973","targetHints":{"allow":["GET"]}}],"collection":[{"href":"https:\/\/hostnetart.com.br\/baixada\/wp-json\/wp\/v2\/posts"}],"about":[{"href":"https:\/\/hostnetart.com.br\/baixada\/wp-json\/wp\/v2\/types\/post"}],"author":[{"embeddable":true,"href":"https:\/\/hostnetart.com.br\/baixada\/wp-json\/wp\/v2\/users\/2"}],"replies":[{"embeddable":true,"href":"https:\/\/hostnetart.com.br\/baixada\/wp-json\/wp\/v2\/comments?post=14973"}],"version-history":[{"count":1,"href":"https:\/\/hostnetart.com.br\/baixada\/wp-json\/wp\/v2\/posts\/14973\/revisions"}],"predecessor-version":[{"id":17401,"href":"https:\/\/hostnetart.com.br\/baixada\/wp-json\/wp\/v2\/posts\/14973\/revisions\/17401"}],"wp:featuredmedia":[{"embeddable":true,"href":"https:\/\/hostnetart.com.br\/baixada\/wp-json\/wp\/v2\/media\/14972"}],"wp:attachment":[{"href":"https:\/\/hostnetart.com.br\/baixada\/wp-json\/wp\/v2\/media?parent=14973"}],"wp:term":[{"taxonomy":"category","embeddable":true,"href":"https:\/\/hostnetart.com.br\/baixada\/wp-json\/wp\/v2\/categories?post=14973"},{"taxonomy":"post_tag","embeddable":true,"href":"https:\/\/hostnetart.com.br\/baixada\/wp-json\/wp\/v2\/tags?post=14973"}],"curies":[{"name":"wp","href":"https:\/\/api.w.org\/{rel}","templated":true}]}}