{"id":1497,"date":"2013-09-18T00:00:00","date_gmt":"2013-09-18T03:00:00","guid":{"rendered":"https:\/\/hostnetart.com.br\/baixada\/chegou-a-hora-vem-pra-luta-bancari\/"},"modified":"2013-09-18T00:00:00","modified_gmt":"2013-09-18T03:00:00","slug":"chegou-a-hora-vem-pra-luta-bancari","status":"publish","type":"post","link":"https:\/\/hostnetart.com.br\/baixada\/chegou-a-hora-vem-pra-luta-bancari\/","title":{"rendered":"CHEGOU A HORA, VEM PRA LUTA BANC\u00c1RI@!!!"},"content":{"rendered":"<p><strong>Assembleias de banc\u00e1rios organizam greve nacional a partir desta quinta<\/strong><\/p>\n<p>\u00a0<\/p>\n<p>Seguindo orienta\u00e7\u00e3o do Comando Nacional dos Banc\u00e1rios, coordenado pela Contraf-CUT, os sindicatos realizam novas assembleias nesta quarta-feira (18) para organizar a greve nacional dos banc\u00e1rios que come\u00e7a nesta quinta (19), conforme decis\u00e3o das assembleias ocorridas no \u00faltimo 12.<br \/>\u201cVamos paralisar em resposta \u00e0 provoca\u00e7\u00e3o dos bancos que fizeram uma proposta sem aumento real, pois ofereceram apenas 6,1% de reajuste, repondo somente a infla\u00e7\u00e3o do per\u00edodo pelo INPC, o que \u00e9 inaceit\u00e1vel diante dos seus lucros gigantescos\u201d, afirma Carlos Cordeiro, presidente da Contraf-CUT e coordenador do Comando Nacional. \u201cQueremos aumento de 11,93%, o que representa 5% de aumento real\u201d.<br \/>\u201cAl\u00e9m disso, vamos parar porque n\u00e3o h\u00e1 valoriza\u00e7\u00e3o do piso, nem melhoria da PLR, muito menos propostas de emprego, fim das metas abusivas e do ass\u00e9dio moral, melhoria das condi\u00e7\u00f5es de sa\u00fade e trabalho, seguran\u00e7a e igualdade de oportunidades\u201d, destaca.<\/p>\n<p>\u00a0<br \/>Nas assembleias desta quarta, os banc\u00e1rios ir\u00e3o organizar o movimento nos bancos p\u00fablicos e privados, buscando a ades\u00e3o da categoria para pressionar os bancos, a fim de que voltem \u00e0 mesa de negocia\u00e7\u00e3o e tragam uma proposta decente, que atenda \u00e0s reivindica\u00e7\u00f5es apresentadas pelo Comando Nacional.<br \/>\u201cN\u00e3o temos alternativa sen\u00e3o fazer uma forte greve nacional com ousadia, unidade e mobiliza\u00e7\u00e3o, mostrando toda a indigna\u00e7\u00e3o da categoria com o descaso dos bancos\u201d, defende o presidente da Contraf-CUT.<br \/>Vem pra greve, banc\u00e1rio e banc\u00e1ria!<br \/><strong>A proposta da Fenaban<\/strong><br \/>Reajuste \u2013 6,1% (infla\u00e7\u00e3o do per\u00edodo pelo INPC) sobre sal\u00e1rios, pisos e todas as verbas salariais (aux\u00edlio-refei\u00e7\u00e3o, cesta-alimenta\u00e7\u00e3o, aux\u00edlio-creche\/bab\u00e1 etc.)<\/p>\n<p>\u00a0<\/p>\n<p>PLR \u2013 90% do sal\u00e1rio mais valor fixo de R$ 1.633,94, limitado a R$ 8.927,61 (o que significa reajuste de 6,1% sobre os valores da PLR do ano passado).<\/p>\n<p>\u00a0<\/p>\n<p>Parcela adicional da PLR \u2013 2% do lucro l\u00edquido dividido linearmente a todos os banc\u00e1rios, limitado a R$ 3.267,88.<\/p>\n<p>\u00a0<\/p>\n<p>Adiantamento emergencial \u2013 N\u00e3o devolu\u00e7\u00e3o do adiantamento emergencial de sal\u00e1rio para os afastados que recebem alta do INSS e s\u00e3o considerados inaptos pelo m\u00e9dico do trabalho em caso de recurso administrativo n\u00e3o aceito pelo INSS.<\/p>\n<p>\u00a0<\/p>\n<p>Preven\u00e7\u00e3o de conflitos no ambiente de trabalho \u2013 Redu\u00e7\u00e3o do prazo de 60 para 45 dias para resposta dos bancos \u00e0s den\u00fancias encaminhadas pelos sindicatos, al\u00e9m de reuni\u00e3o espec\u00edfica com a Fenaban para discutir aprimoramento do programa.<\/p>\n<p>\u00a0<\/p>\n<p>Adoecimento de banc\u00e1rios \u2013 Constitui\u00e7\u00e3o de grupo de trabalho, com n\u00edvel pol\u00edtico e t\u00e9cnico, para analisar as causas dos afastamentos.<\/p>\n<p>\u00a0<\/p>\n<p>Inova\u00e7\u00f5es tecnol\u00f3gicas \u2013 Realiza\u00e7\u00e3o, em data a ser definida, de um Semin\u00e1rio sobre Tend\u00eancias da Tecnologia no Cen\u00e1rio Banc\u00e1rio Mundial.<\/p>\n<p>\u00a0<\/p>\n<p>\u00a0<\/p>\n<p><strong>As reivindica\u00e7\u00f5es dos banc\u00e1rios<\/strong><\/p>\n<p>\u00a0<\/p>\n<p>&gt; Reajuste salarial de 11,93% (5% de aumento real al\u00e9m da infla\u00e7\u00e3o)<\/p>\n<p>&gt; PLR: tr\u00eas sal\u00e1rios mais R$ 5.553,15.<\/p>\n<p>&gt; Piso: R$ 2.860,21 (sal\u00e1rio m\u00ednimo do Dieese).<\/p>\n<p>&gt; Aux\u00edlios alimenta\u00e7\u00e3o, refei\u00e7\u00e3o, 13\u00aa cesta e aux\u00edlio-creche\/bab\u00e1: R$ 678 ao m\u00eas para cada (sal\u00e1rio m\u00ednimo nacional).<\/p>\n<p>&gt; Melhores condi\u00e7\u00f5es de trabalho, com o fim das metas abusivas e do ass\u00e9dio moral que adoece os banc\u00e1rios.<\/p>\n<p>&gt; Emprego: fim das demiss\u00f5es, mais contrata\u00e7\u00f5es, aumento da inclus\u00e3o banc\u00e1ria, combate \u00e0s terceiriza\u00e7\u00f5es, especialmente ao PL 4330 que precariza as condi\u00e7\u00f5es de trabalho, al\u00e9m da aplica\u00e7\u00e3o da Conven\u00e7\u00e3o 158 da OIT, que pro\u00edbe as dispensas imotivadas.<\/p>\n<p>&gt; Plano de Cargos, Carreiras e Sal\u00e1rios (PCCS) para todos os banc\u00e1rios.<\/p>\n<p>&gt; Aux\u00edlio-educa\u00e7\u00e3o: pagamento para gradua\u00e7\u00e3o e p\u00f3s-gradua\u00e7\u00e3o.<\/p>\n<p>&gt; Preven\u00e7\u00e3o contra assaltos e sequestros, com o fim da guarda das chaves de cofres e ag\u00eancias por banc\u00e1rios.<\/p>\n<p>&gt; Igualdade de oportunidades para banc\u00e1rios e banc\u00e1rias, com a contrata\u00e7\u00e3o de pelo menos 20% de negros e negras.<br \/>Fonte: Contraf-CUT<\/p>\n","protected":false},"excerpt":{"rendered":"<p>Assembleias de banc\u00e1rios organizam greve nacional a partir desta quinta \u00a0 Seguindo orienta\u00e7\u00e3o do Comando Nacional dos Banc\u00e1rios, coordenado pela Contraf-CUT, os sindicatos realizam novas assembleias nesta quarta-feira (18) para organizar a greve nacional dos banc\u00e1rios que come\u00e7a nesta quinta (19), conforme decis\u00e3o das assembleias ocorridas no \u00faltimo 12.\u201cVamos paralisar em resposta \u00e0 provoca\u00e7\u00e3o dos [&hellip;]<\/p>\n","protected":false},"author":1,"featured_media":1496,"comment_status":"","ping_status":"","sticky":false,"template":"","format":"standard","meta":{"footnotes":""},"categories":[3],"tags":[],"class_list":["post-1497","post","type-post","status-publish","format-standard","has-post-thumbnail","hentry","category-noticias"],"_links":{"self":[{"href":"https:\/\/hostnetart.com.br\/baixada\/wp-json\/wp\/v2\/posts\/1497","targetHints":{"allow":["GET"]}}],"collection":[{"href":"https:\/\/hostnetart.com.br\/baixada\/wp-json\/wp\/v2\/posts"}],"about":[{"href":"https:\/\/hostnetart.com.br\/baixada\/wp-json\/wp\/v2\/types\/post"}],"author":[{"embeddable":true,"href":"https:\/\/hostnetart.com.br\/baixada\/wp-json\/wp\/v2\/users\/1"}],"replies":[{"embeddable":true,"href":"https:\/\/hostnetart.com.br\/baixada\/wp-json\/wp\/v2\/comments?post=1497"}],"version-history":[{"count":0,"href":"https:\/\/hostnetart.com.br\/baixada\/wp-json\/wp\/v2\/posts\/1497\/revisions"}],"wp:featuredmedia":[{"embeddable":true,"href":"https:\/\/hostnetart.com.br\/baixada\/wp-json\/wp\/v2\/media\/1496"}],"wp:attachment":[{"href":"https:\/\/hostnetart.com.br\/baixada\/wp-json\/wp\/v2\/media?parent=1497"}],"wp:term":[{"taxonomy":"category","embeddable":true,"href":"https:\/\/hostnetart.com.br\/baixada\/wp-json\/wp\/v2\/categories?post=1497"},{"taxonomy":"post_tag","embeddable":true,"href":"https:\/\/hostnetart.com.br\/baixada\/wp-json\/wp\/v2\/tags?post=1497"}],"curies":[{"name":"wp","href":"https:\/\/api.w.org\/{rel}","templated":true}]}}