{"id":14961,"date":"2024-02-07T18:46:22","date_gmt":"2024-02-07T21:46:22","guid":{"rendered":"https:\/\/hostnetart.com.br\/baixada\/funcionarios-do-bndes-fazem-assembleia-sobre-plr\/"},"modified":"2024-02-07T18:46:22","modified_gmt":"2024-02-07T21:46:22","slug":"funcionarios-do-bndes-fazem-assembleia-sobre-plr","status":"publish","type":"post","link":"https:\/\/hostnetart.com.br\/baixada\/funcionarios-do-bndes-fazem-assembleia-sobre-plr\/","title":{"rendered":"Funcion\u00e1rios do BNDES fazem assembleia sobre PLR"},"content":{"rendered":"<p>A Confedera\u00e7\u00e3o Nacional dos Trabalhadores do Ramo Financeiro (Contraf-CUT), sindicatos e associa\u00e7\u00f5es que representam os funcion\u00e1rios do Banco Nacional de Desenvolvimento Econ\u00f4mico e Social (BNDES) realizam, nesta quarta e quinta-feira (dias 7 e 8), assembleia geral extraordin\u00e1ria sobre a Participa\u00e7\u00e3o nos Lucros e Resultados (PLR) de 2023.<\/p>\n<p>Na quarta-feira, a atividade ser\u00e1 uma\u00a0<em>live<\/em>, \u00e0s 18 horas, pela plataforma Zoom, para que o tema seja discutido em detalhes. A vota\u00e7\u00e3o ser\u00e1 na quinta-feira (8), das 9 \u00e0s 18 horas. A proposta para o Acordo Coletivo da PLR foi divulgada pela \u00c1rea de Recursos Humanos do Banco no dia 26 de janeiro. O funcion\u00e1rio deve conferir com seu sindicato ou associa\u00e7\u00e3o de representa\u00e7\u00e3o sobre como participar.<\/p>\n<p>Os representantes dos empregados solicitaram ao BNDES um encontro para a apresenta\u00e7\u00e3o formal da proposta. Os funcion\u00e1rios podem tirar d\u00favidas sobre o texto proposto pelo banco com a AFBNDES, pelo e-mail\u00a0<a href=\"mailto:plr@afbndes.org.br\" target=\"_blank\" rel=\"noopener noreferrer\">plr@afbndes.org.br<\/a>.<\/p>\n<p>O vice-presidente da Contraf-CUT, Vin\u00edcius Assump\u00e7\u00e3o, lembra que na gest\u00e3o anterior, \u201co BNDES havia determinado que a PLR fosse composta por tr\u00eas fatores: coletivo, por setor e individual\u201d. No entanto, o dirigente ressalta que, \u201ccomo o fator individual era decidido pela pr\u00f3pria chefia do setor, gerava possibilidade de ass\u00e9dio moral\u201d. Agora, completa, \u201cconseguimos eliminar esse fator individual e reduzir a relev\u00e2ncia do fator de setor, para o estabelecimento de uma PLR mais uniforme para todos\u201d.<\/p>\n<p>Vin\u00edcius tamb\u00e9m lembra que \u201ca participa\u00e7\u00e3o do funcion\u00e1rio do BNDES, tanto na\u00a0<em>live<\/em>\u00a0como na vota\u00e7\u00e3o, \u00e9 muito importante, pois essa negocia\u00e7\u00e3o tem sido muito intensa, com uma s\u00e9rie de dificuldades, e uma grande presen\u00e7a no processo de decis\u00e3o \u00e9 fundamental para mostramos for\u00e7a e uni\u00e3o\u201d.<\/p>\n<p>O dirigente ressalta que \u201ca Contraf e os sindicatos, juntos com a AFBNDES, indicam o voto pela aprova\u00e7\u00e3o da proposta em mesa. Ele afirma que \u201ca proposta consolida avan\u00e7os em rela\u00e7\u00e3o aos \u00faltimos anos, como o fim do componente individual ou indica\u00e7\u00e3o de uso de curva for\u00e7ada. Ainda n\u00e3o \u00e9 como desejamos, mas tamb\u00e9m avan\u00e7amos com a n\u00e3o inclus\u00e3o de metas ou indicadores espec\u00edficos por \u00e1rea\u201d.<\/p>\n<p><strong>Fonte: Contraf-CUT<\/strong><\/p>\n","protected":false},"excerpt":{"rendered":"<p>A Confedera\u00e7\u00e3o Nacional dos Trabalhadores do Ramo Financeiro (Contraf-CUT), sindicatos e associa\u00e7\u00f5es que representam os funcion\u00e1rios do Banco Nacional de Desenvolvimento Econ\u00f4mico e Social (BNDES) realizam, nesta quarta e quinta-feira (dias 7 e 8), assembleia geral extraordin\u00e1ria sobre a Participa\u00e7\u00e3o nos Lucros e Resultados (PLR) de 2023. Na quarta-feira, a atividade ser\u00e1 uma\u00a0live, \u00e0s 18 [&hellip;]<\/p>\n","protected":false},"author":2,"featured_media":14960,"comment_status":"","ping_status":"","sticky":false,"template":"","format":"standard","meta":{"footnotes":""},"categories":[3],"tags":[],"class_list":["post-14961","post","type-post","status-publish","format-standard","has-post-thumbnail","hentry","category-noticias"],"_links":{"self":[{"href":"https:\/\/hostnetart.com.br\/baixada\/wp-json\/wp\/v2\/posts\/14961","targetHints":{"allow":["GET"]}}],"collection":[{"href":"https:\/\/hostnetart.com.br\/baixada\/wp-json\/wp\/v2\/posts"}],"about":[{"href":"https:\/\/hostnetart.com.br\/baixada\/wp-json\/wp\/v2\/types\/post"}],"author":[{"embeddable":true,"href":"https:\/\/hostnetart.com.br\/baixada\/wp-json\/wp\/v2\/users\/2"}],"replies":[{"embeddable":true,"href":"https:\/\/hostnetart.com.br\/baixada\/wp-json\/wp\/v2\/comments?post=14961"}],"version-history":[{"count":0,"href":"https:\/\/hostnetart.com.br\/baixada\/wp-json\/wp\/v2\/posts\/14961\/revisions"}],"wp:featuredmedia":[{"embeddable":true,"href":"https:\/\/hostnetart.com.br\/baixada\/wp-json\/wp\/v2\/media\/14960"}],"wp:attachment":[{"href":"https:\/\/hostnetart.com.br\/baixada\/wp-json\/wp\/v2\/media?parent=14961"}],"wp:term":[{"taxonomy":"category","embeddable":true,"href":"https:\/\/hostnetart.com.br\/baixada\/wp-json\/wp\/v2\/categories?post=14961"},{"taxonomy":"post_tag","embeddable":true,"href":"https:\/\/hostnetart.com.br\/baixada\/wp-json\/wp\/v2\/tags?post=14961"}],"curies":[{"name":"wp","href":"https:\/\/api.w.org\/{rel}","templated":true}]}}