{"id":14955,"date":"2024-02-06T15:40:18","date_gmt":"2024-02-06T18:40:18","guid":{"rendered":"https:\/\/hostnetart.com.br\/baixada\/itau-lucra-r-35-bi-em-2023-com-fechamento-de-agencias-e-postos-de-trabalho\/"},"modified":"2024-02-06T15:40:18","modified_gmt":"2024-02-06T18:40:18","slug":"itau-lucra-r-35-bi-em-2023-com-fechamento-de-agencias-e-postos-de-trabalho","status":"publish","type":"post","link":"https:\/\/hostnetart.com.br\/baixada\/itau-lucra-r-35-bi-em-2023-com-fechamento-de-agencias-e-postos-de-trabalho\/","title":{"rendered":"Ita\u00fa lucra R$ 35 bi em 2023 com fechamento de ag\u00eancias e postos de trabalho"},"content":{"rendered":"<div class=\"elementor-element elementor-element-194680ec elementor-widget elementor-widget-theme-post-content\" data-id=\"194680ec\" data-element_type=\"widget\" data-widget_type=\"theme-post-content.default\">\n<div class=\"elementor-widget-container\">\n<p>O ano de 2023 foi de lucros exorbitantes para o banco Ita\u00fa-Unibanco. Para Jair Alves, coordenador da Comiss\u00e3o de Organiza\u00e7\u00e3o dos Empregados (COE) do Ita\u00fa, os resultados foram alcan\u00e7ados com sobrecarga de trabalho e adoecimento dos trabalhadores e das trabalhadoras.<\/p>\n<p>De acordo com ele, a busca por efici\u00eancia e lucratividade n\u00e3o pode ser alcan\u00e7ada \u00e0 custa da sa\u00fade e bem-estar dos funcion\u00e1rios. \u201cO banco vem tendo lucros altos, com grande n\u00famero de fechamento de ag\u00eancias e demiss\u00e3o de funcion\u00e1rios. Em contrapartida, vem crescendo os n\u00fameros de adoecimento nos locais de trabalho e doen\u00e7as mentais dos trabalhadores\u201d, ressaltou.<\/p>\n<p>O Lucro L\u00edquido Recorrente Gerencial do Ita\u00fa em 2023 alcan\u00e7ou R$ 35,618 bilh\u00f5es, representando um aumento de 15,7% em rela\u00e7\u00e3o ao ano anterior. Este crescimento \u00e9 atribu\u00eddo, em parte, ao crescimento da carteira de cr\u00e9dito, \u00e0 maior margem com passivos e ao impacto positivo da reprecifica\u00e7\u00e3o do capital de giro pr\u00f3prio.<\/p>\n<p>Entretanto, por tr\u00e1s desses n\u00fameros, h\u00e1 uma realidade preocupante para os funcion\u00e1rios, o fechamento de 3.292 postos de trabalho em doze meses, 1.342 postos fechados apenas nos \u00faltimos tr\u00eas meses do per\u00edodo. Ao final de 2023, o Ita\u00fa Unibanco contava com 85.855 empregados no pa\u00eds.<\/p>\n<p><a href=\"https:\/\/contrafcut.com.br\/wp-content\/uploads\/2024\/02\/destaques-do-banco-itau-ano-2023-vrevisada.pdf\">De acordo com os destaques do Departamento Intersindical de Estat\u00edstica e Estudos Socioecon\u00f4micos (Dieese),<\/a>\u00a0a redu\u00e7\u00e3o se deve a \u201ciniciativas de efici\u00eancia no Brasil, a adequa\u00e7\u00e3o dos times nas \u00e1reas de atendimento e a redu\u00e7\u00e3o de ag\u00eancias, reduzindo em 4,7% os colaboradores do Brasil (ex-tecnologia)\u201d. Essa reestrutura\u00e7\u00e3o tamb\u00e9m se reflete na redu\u00e7\u00e3o do n\u00famero de ag\u00eancias f\u00edsicas, com o fechamento de 180 unidades no Brasil em doze meses.<\/p>\n<\/div>\n<\/div>\n<div class=\"elementor-widget-container\">Fonte: Contraf-CUT<\/div>\n","protected":false},"excerpt":{"rendered":"<p>O ano de 2023 foi de lucros exorbitantes para o banco Ita\u00fa-Unibanco. Para Jair Alves, coordenador da Comiss\u00e3o de Organiza\u00e7\u00e3o dos Empregados (COE) do Ita\u00fa, os resultados foram alcan\u00e7ados com sobrecarga de trabalho e adoecimento dos trabalhadores e das trabalhadoras. De acordo com ele, a busca por efici\u00eancia e lucratividade n\u00e3o pode ser alcan\u00e7ada \u00e0 [&hellip;]<\/p>\n","protected":false},"author":2,"featured_media":14954,"comment_status":"","ping_status":"","sticky":false,"template":"","format":"standard","meta":{"footnotes":""},"categories":[3],"tags":[],"class_list":["post-14955","post","type-post","status-publish","format-standard","has-post-thumbnail","hentry","category-noticias"],"_links":{"self":[{"href":"https:\/\/hostnetart.com.br\/baixada\/wp-json\/wp\/v2\/posts\/14955","targetHints":{"allow":["GET"]}}],"collection":[{"href":"https:\/\/hostnetart.com.br\/baixada\/wp-json\/wp\/v2\/posts"}],"about":[{"href":"https:\/\/hostnetart.com.br\/baixada\/wp-json\/wp\/v2\/types\/post"}],"author":[{"embeddable":true,"href":"https:\/\/hostnetart.com.br\/baixada\/wp-json\/wp\/v2\/users\/2"}],"replies":[{"embeddable":true,"href":"https:\/\/hostnetart.com.br\/baixada\/wp-json\/wp\/v2\/comments?post=14955"}],"version-history":[{"count":0,"href":"https:\/\/hostnetart.com.br\/baixada\/wp-json\/wp\/v2\/posts\/14955\/revisions"}],"wp:featuredmedia":[{"embeddable":true,"href":"https:\/\/hostnetart.com.br\/baixada\/wp-json\/wp\/v2\/media\/14954"}],"wp:attachment":[{"href":"https:\/\/hostnetart.com.br\/baixada\/wp-json\/wp\/v2\/media?parent=14955"}],"wp:term":[{"taxonomy":"category","embeddable":true,"href":"https:\/\/hostnetart.com.br\/baixada\/wp-json\/wp\/v2\/categories?post=14955"},{"taxonomy":"post_tag","embeddable":true,"href":"https:\/\/hostnetart.com.br\/baixada\/wp-json\/wp\/v2\/tags?post=14955"}],"curies":[{"name":"wp","href":"https:\/\/api.w.org\/{rel}","templated":true}]}}