{"id":14949,"date":"2024-02-05T20:54:04","date_gmt":"2024-02-05T23:54:04","guid":{"rendered":"https:\/\/hostnetart.com.br\/baixada\/sindicato-dos-bancarios-da-baixada-fluminense-reintegra-funcionaria-do-itau\/"},"modified":"2024-02-05T20:54:04","modified_gmt":"2024-02-05T23:54:04","slug":"sindicato-dos-bancarios-da-baixada-fluminense-reintegra-funcionaria-do-itau","status":"publish","type":"post","link":"https:\/\/hostnetart.com.br\/baixada\/sindicato-dos-bancarios-da-baixada-fluminense-reintegra-funcionaria-do-itau\/","title":{"rendered":"Sindicato dos Banc\u00e1rios da Baixada Fluminense reintegra funcion\u00e1ria do Ita\u00fa"},"content":{"rendered":"<p>Nesta segunda-feira, 5 de fevereiro, o Sindicato dos Banc\u00e1rios da Baixada Fluminense reintegrou mais uma funcion\u00e1ria do Banco Ita\u00fa.<\/p>\n<p>O Coordenador Geral Pedro Batista, acompanhou a reintegra\u00e7\u00e3o.<\/p>\n<p>A banc\u00e1ria Suelen da Silva Soares, da ag\u00eancia 6893, localizada na Rua Coronel Francisco Soares, Centro de Nova Igua\u00e7u, foi demitida estando incapacitada. Inclusive, ao realizar per\u00edcia m\u00e9dica em a\u00e7\u00e3o judicial em face do INSS, o perito concluiu pela transforma\u00e7\u00e3o do benef\u00edcio por aux\u00edlio doen\u00e7a acident\u00e1rio B-91.<\/p>\n<p>A justi\u00e7a considerou que a banc\u00e1ria se encontra sob risco de dano grave por estar sem sua fonte de renda e sem plano de sa\u00fade, justamente no momento em que se encontra doente e impossibilitada de retornar ao mercado de trabalho.<\/p>\n<p>Como estava acometida de doen\u00e7a ocupacional, presente no momento da demiss\u00e3o, a banc\u00e1ria teve determinada sua reintegra\u00e7\u00e3o ao emprego.<\/p>\n<p><b>IMPORTANTE<\/b><\/p>\n<p>A trabalhadora banc\u00e1ria \u00e9 sindicalizada e, logo ap\u00f3s seu desligamento, procurou atendimento no Sindicato dos Banc\u00e1rios da Baixada Fluminense, onde foi prontamente atendida pelo Departamento Jur\u00eddico, atrav\u00e9s do advogado Luiz Paulo do Escrit\u00f3rio Baptista &amp; Reis Advogados Associados, e pelo Departamento de Sa\u00fade.<\/p>\n<p>\u00c9 fundamental que banc\u00e1rias e banc\u00e1rios, logo que sejam informados de suas demiss\u00f5es, procurem imediatamente atendimento no Sindicato.<\/p>\n<p><b>ATENDIMENTO JUR\u00cdDICO PRESENCIAL<\/b><\/p>\n<p>Nova Igua\u00e7u &#8211; \u00e0s ter\u00e7as-feiras, das 11 horas \u00e0 13 horas e das 14 horas \u00e0s 17 horas (telefone: 21 &#8211; 2658-8041)<\/p>\n<p>Duque de Caxias &#8211; \u00e0s quintas-feiras, das 10 horas \u00e0s 13 horas (telefone: 21 \/ 26710-110)<\/p>\n<p><b>SINDICALIZE-SE<\/b><\/p>\n","protected":false},"excerpt":{"rendered":"<p>Nesta segunda-feira, 5 de fevereiro, o Sindicato dos Banc\u00e1rios da Baixada Fluminense reintegrou mais uma funcion\u00e1ria do Banco Ita\u00fa. O Coordenador Geral Pedro Batista, acompanhou a reintegra\u00e7\u00e3o. A banc\u00e1ria Suelen da Silva Soares, da ag\u00eancia 6893, localizada na Rua Coronel Francisco Soares, Centro de Nova Igua\u00e7u, foi demitida estando incapacitada. Inclusive, ao realizar per\u00edcia m\u00e9dica [&hellip;]<\/p>\n","protected":false},"author":2,"featured_media":14948,"comment_status":"","ping_status":"","sticky":false,"template":"","format":"standard","meta":{"footnotes":""},"categories":[3],"tags":[],"class_list":["post-14949","post","type-post","status-publish","format-standard","has-post-thumbnail","hentry","category-noticias"],"_links":{"self":[{"href":"https:\/\/hostnetart.com.br\/baixada\/wp-json\/wp\/v2\/posts\/14949","targetHints":{"allow":["GET"]}}],"collection":[{"href":"https:\/\/hostnetart.com.br\/baixada\/wp-json\/wp\/v2\/posts"}],"about":[{"href":"https:\/\/hostnetart.com.br\/baixada\/wp-json\/wp\/v2\/types\/post"}],"author":[{"embeddable":true,"href":"https:\/\/hostnetart.com.br\/baixada\/wp-json\/wp\/v2\/users\/2"}],"replies":[{"embeddable":true,"href":"https:\/\/hostnetart.com.br\/baixada\/wp-json\/wp\/v2\/comments?post=14949"}],"version-history":[{"count":0,"href":"https:\/\/hostnetart.com.br\/baixada\/wp-json\/wp\/v2\/posts\/14949\/revisions"}],"wp:featuredmedia":[{"embeddable":true,"href":"https:\/\/hostnetart.com.br\/baixada\/wp-json\/wp\/v2\/media\/14948"}],"wp:attachment":[{"href":"https:\/\/hostnetart.com.br\/baixada\/wp-json\/wp\/v2\/media?parent=14949"}],"wp:term":[{"taxonomy":"category","embeddable":true,"href":"https:\/\/hostnetart.com.br\/baixada\/wp-json\/wp\/v2\/categories?post=14949"},{"taxonomy":"post_tag","embeddable":true,"href":"https:\/\/hostnetart.com.br\/baixada\/wp-json\/wp\/v2\/tags?post=14949"}],"curies":[{"name":"wp","href":"https:\/\/api.w.org\/{rel}","templated":true}]}}