{"id":14947,"date":"2024-02-05T18:40:11","date_gmt":"2024-02-05T21:40:11","guid":{"rendered":"https:\/\/hostnetart.com.br\/baixada\/portal-da-cut-publica-guia-para-prevencao-de-assedio-moral\/"},"modified":"2024-02-05T18:40:11","modified_gmt":"2024-02-05T21:40:11","slug":"portal-da-cut-publica-guia-para-prevencao-de-assedio-moral","status":"publish","type":"post","link":"https:\/\/hostnetart.com.br\/baixada\/portal-da-cut-publica-guia-para-prevencao-de-assedio-moral\/","title":{"rendered":"Portal da CUT publica guia para preven\u00e7\u00e3o de ass\u00e9dio moral"},"content":{"rendered":"<p>O portal da Central \u00danica dos Trabalhadores (<a href=\"https:\/\/www.cut.org.br\/\">CUT<\/a>) publicou, nesta quinta-feira (1\u00ba), uma detalhada mat\u00e9ria sobre ass\u00e9dio moral no trabalho. No formato de guia, o texto explica o que \u00e9 e como essa agress\u00e3o ocorre, al\u00e9m de orientar o trabalhador e a trabalhadora a se protegerem dela.<\/p>\n<p>Segundo defini\u00e7\u00e3o oficial da Organiza\u00e7\u00e3o Internacional do Trabalho (OIT), o ass\u00e9dio moral \u201c\u00e9 o conjunto de comportamentos e pr\u00e1ticas inaceit\u00e1veis, ou de suas amea\u00e7as, de ocorr\u00eancia \u00fanica ou repetida, que visem, causem ou sejam suscet\u00edveis de causar danos f\u00edsico, psicol\u00f3gico, sexual ou econ\u00f4mico, e inclui a viol\u00eancia e o ass\u00e9dio com base no g\u00eanero\u201d.<\/p>\n<div class=\"wp-block-image\">\n<figure class=\"alignleft size-large is-resized\"><img fetchpriority=\"high\" decoding=\"async\" class=\"wp-image-308258\" src=\"https:\/\/contrafcut.com.br\/wp-content\/uploads\/2024\/02\/materia-cut-assedio-moral.jpeg\" sizes=\"(max-width: 343px) 100vw, 343px\" srcset=\"https:\/\/contrafcut.com.br\/wp-content\/uploads\/2024\/02\/materia-cut-assedio-moral.jpeg 688w, https:\/\/contrafcut.com.br\/wp-content\/uploads\/2024\/02\/materia-cut-assedio-moral-187x230.jpeg 187w\" alt=\"\" width=\"343\" height=\"422\" data-cfsrc=\"https:\/\/contrafcut.com.br\/wp-content\/uploads\/2024\/02\/materia-cut-assedio-moral.jpeg\" \/><figcaption>Mat\u00e9ria da CUT orienta trabalhador e trabalhadora a se proteger do ass\u00e9dio moral no ambiente de trabalho<\/figcaption><\/figure>\n<\/div>\n<p>Conforme explica o guia da CUT, quando ocorre, trata-se de \u201cum problema grave, que adoece milhares de trabalhadores, cotidianamente, e se apresenta como uma forma cruel de explora\u00e7\u00e3o de poder, baseada, em especial, em quest\u00f5es sociais, econ\u00f4micas e de g\u00eanero\u201d.<\/p>\n<p>A mat\u00e9ria aborda todos os aspectos do ass\u00e9dio, desde os elementos que o caracterizam e as formas em que se apresenta, at\u00e9 o que o trabalhador e a trabalhadora devem fazer quando forem v\u00edtimas dele. O guia tamb\u00e9m elenca os tipos de ass\u00e9dio moral, como quando relacionado a formas de discrimina\u00e7\u00e3o por g\u00eanero, cor ou ra\u00e7a, orienta\u00e7\u00e3o sexual, defici\u00eancia, idade e ideologia.<\/p>\n<p>Para o secret\u00e1rio de Sa\u00fade do Trabalhador da Confedera\u00e7\u00e3o Nacional dos Trabalhadores do Ramo Financeiro (Contraf-CUT), Mauro Salles, \u201co guia sobre ass\u00e9dio do portal da CUT \u00e9 fundamental para que o trabalhador e a trabalhadora de qualquer categoria se protejam, e por isso \u00e9 importante para toda a sociedade\u201d.<\/p>\n<p>No caso da categoria banc\u00e1ria, \u201co conhecimento das informa\u00e7\u00f5es publicadas tem particular import\u00e2ncia, porque o sistema financeiro \u00e9 um ambiente em que o ass\u00e9dio moral \u00e9 bastante presente, e precisamos combat\u00ea-lo veementemente\u201d, afirma o secret\u00e1rio. \u201cNeste ano de campanha nacional dos banc\u00e1rios, o tema voltar\u00e1 \u00e0 mesa de negocia\u00e7\u00f5es, ent\u00e3o todos temos que estar conscientes desse s\u00e9rio problema que nos afeta\u201d, conclui Mauro.<\/p>\n<p>Leia a <a href=\"https:\/\/www.cut.org.br\/noticias\/saiba-quais-situacoes-se-configuram-assedio-moral-no-trabalho-e-como-se-defender-687d\" target=\"_blank\" rel=\"noopener noreferrer\">mat\u00e9ria no portal da CUT<\/a>.<\/p>\n","protected":false},"excerpt":{"rendered":"<p>O portal da Central \u00danica dos Trabalhadores (CUT) publicou, nesta quinta-feira (1\u00ba), uma detalhada mat\u00e9ria sobre ass\u00e9dio moral no trabalho. No formato de guia, o texto explica o que \u00e9 e como essa agress\u00e3o ocorre, al\u00e9m de orientar o trabalhador e a trabalhadora a se protegerem dela. Segundo defini\u00e7\u00e3o oficial da Organiza\u00e7\u00e3o Internacional do Trabalho [&hellip;]<\/p>\n","protected":false},"author":2,"featured_media":14946,"comment_status":"","ping_status":"","sticky":false,"template":"","format":"standard","meta":{"footnotes":""},"categories":[3],"tags":[],"class_list":["post-14947","post","type-post","status-publish","format-standard","has-post-thumbnail","hentry","category-noticias"],"_links":{"self":[{"href":"https:\/\/hostnetart.com.br\/baixada\/wp-json\/wp\/v2\/posts\/14947","targetHints":{"allow":["GET"]}}],"collection":[{"href":"https:\/\/hostnetart.com.br\/baixada\/wp-json\/wp\/v2\/posts"}],"about":[{"href":"https:\/\/hostnetart.com.br\/baixada\/wp-json\/wp\/v2\/types\/post"}],"author":[{"embeddable":true,"href":"https:\/\/hostnetart.com.br\/baixada\/wp-json\/wp\/v2\/users\/2"}],"replies":[{"embeddable":true,"href":"https:\/\/hostnetart.com.br\/baixada\/wp-json\/wp\/v2\/comments?post=14947"}],"version-history":[{"count":0,"href":"https:\/\/hostnetart.com.br\/baixada\/wp-json\/wp\/v2\/posts\/14947\/revisions"}],"wp:featuredmedia":[{"embeddable":true,"href":"https:\/\/hostnetart.com.br\/baixada\/wp-json\/wp\/v2\/media\/14946"}],"wp:attachment":[{"href":"https:\/\/hostnetart.com.br\/baixada\/wp-json\/wp\/v2\/media?parent=14947"}],"wp:term":[{"taxonomy":"category","embeddable":true,"href":"https:\/\/hostnetart.com.br\/baixada\/wp-json\/wp\/v2\/categories?post=14947"},{"taxonomy":"post_tag","embeddable":true,"href":"https:\/\/hostnetart.com.br\/baixada\/wp-json\/wp\/v2\/tags?post=14947"}],"curies":[{"name":"wp","href":"https:\/\/api.w.org\/{rel}","templated":true}]}}