{"id":14943,"date":"2024-02-02T15:52:41","date_gmt":"2024-02-02T18:52:41","guid":{"rendered":"https:\/\/hostnetart.com.br\/baixada\/coe-vai-negociar-multicanalidade-e-horas-negativas-com-o-santander\/"},"modified":"2024-02-02T15:52:41","modified_gmt":"2024-02-02T18:52:41","slug":"coe-vai-negociar-multicanalidade-e-horas-negativas-com-o-santander","status":"publish","type":"post","link":"https:\/\/hostnetart.com.br\/baixada\/coe-vai-negociar-multicanalidade-e-horas-negativas-com-o-santander\/","title":{"rendered":"COE vai negociar multicanalidade e horas negativas com o Santander"},"content":{"rendered":"<p>A Comiss\u00e3o de Organiza\u00e7\u00e3o dos Empregados (COE) do Santander vai se reunir com a dire\u00e7\u00e3o do banco, na pr\u00f3xima ter\u00e7a-feira (6), para discutir a Multicanalidade, projeto anunciado para oferecer diferentes canais de atendimento aos consumidores, que ir\u00e1 gerar reestrutura\u00e7\u00e3o da rede de ag\u00eancias, j\u00e1 implementada pelo banco em 2024.<\/p>\n<p>Wanessa Queiroz, coordenadora da COE Santander, afirma que o objetivo \u00e9 que o banco respeite as cl\u00e1usulas do Acordo Coletivo de Trabalho (ACT) e detalhe como ser\u00e1 essa fus\u00e3o de ag\u00eancias. \u201cO processo j\u00e1 est\u00e1 em expans\u00e3o e certamente cria ansiedade entre os trabalhadores. Tamb\u00e9m precisamos saber como fica o atendimento descentralizado dos gerentes, que j\u00e1 tem intensificado as metas e gerando sobrecarga para os trabalhadores das ag\u00eancias\u2019\u2019.<\/p>\n<p>As principais d\u00favidas do movimento sindical s\u00e3o se haver\u00e1 forma\u00e7\u00e3o e suporte para quem fica nas ag\u00eancias para atender essa demanda de pessoas jur\u00eddicas dos gerentes, e como ser\u00e1 a assist\u00eancia a esses trabalhadores, que v\u00e3o circular fora das ag\u00eancias.<\/p>\n<p>Para a coordenadora da COE, o banco deveria ter iniciado o assunto da reestrutura\u00e7\u00e3o em dezembro. \u201c\u00c9 um desrespeito do Santander sinalizar disposi\u00e7\u00e3o para uma mesa de negocia\u00e7\u00f5es quando a reestrutura\u00e7\u00e3o j\u00e1 est\u00e1 acontecendo. S\u00e3o muitas mudan\u00e7as e de alto impacto para os trabalhadores. Vamos pressionar para que o aditivo do banco seja cumprido, com manuten\u00e7\u00e3o dos empregos e com resposta para todas essas quest\u00f5es\u201d.<\/p>\n<p>Wanessa lembra que o Santander opera no Brasil como uma concess\u00e3o p\u00fablica. \u201c\u00c9 fundamental que em qualquer mudan\u00e7a ou reestrutura\u00e7\u00e3o n\u00e3o seja exclu\u00edda a presta\u00e7\u00e3o de servi\u00e7o aos clientes, que pagam as tarifas suficientes para cobrir todos os custos operacionais, como a folha de pagamento\u201d.<\/p>\n<h3>Banco de horas negativas<\/h3>\n<p>A reuni\u00e3o tamb\u00e9m ir\u00e1 debater as horas negativas geradas na pandemia. A coordenadora da COE Santander refor\u00e7a que j\u00e1 foram realizados tr\u00eas acordos para a compensa\u00e7\u00e3o das horas com redutores conforme as horas pagas pelos trabalhadores, com acordo vigente at\u00e9 31 de mar\u00e7o deste ano. \u201cNossa meta \u00e9 encerrar este assunto antes de mar\u00e7o, com anistia das horas de quem foi totalmente afetado durante a pandemia\u2019\u2019.<\/p>\n<p><strong>Fonte: Contraf-CUT<\/strong><\/p>\n","protected":false},"excerpt":{"rendered":"<p>A Comiss\u00e3o de Organiza\u00e7\u00e3o dos Empregados (COE) do Santander vai se reunir com a dire\u00e7\u00e3o do banco, na pr\u00f3xima ter\u00e7a-feira (6), para discutir a Multicanalidade, projeto anunciado para oferecer diferentes canais de atendimento aos consumidores, que ir\u00e1 gerar reestrutura\u00e7\u00e3o da rede de ag\u00eancias, j\u00e1 implementada pelo banco em 2024. Wanessa Queiroz, coordenadora da COE Santander, [&hellip;]<\/p>\n","protected":false},"author":2,"featured_media":14942,"comment_status":"","ping_status":"","sticky":false,"template":"","format":"standard","meta":{"footnotes":""},"categories":[3],"tags":[],"class_list":["post-14943","post","type-post","status-publish","format-standard","has-post-thumbnail","hentry","category-noticias"],"_links":{"self":[{"href":"https:\/\/hostnetart.com.br\/baixada\/wp-json\/wp\/v2\/posts\/14943","targetHints":{"allow":["GET"]}}],"collection":[{"href":"https:\/\/hostnetart.com.br\/baixada\/wp-json\/wp\/v2\/posts"}],"about":[{"href":"https:\/\/hostnetart.com.br\/baixada\/wp-json\/wp\/v2\/types\/post"}],"author":[{"embeddable":true,"href":"https:\/\/hostnetart.com.br\/baixada\/wp-json\/wp\/v2\/users\/2"}],"replies":[{"embeddable":true,"href":"https:\/\/hostnetart.com.br\/baixada\/wp-json\/wp\/v2\/comments?post=14943"}],"version-history":[{"count":0,"href":"https:\/\/hostnetart.com.br\/baixada\/wp-json\/wp\/v2\/posts\/14943\/revisions"}],"wp:featuredmedia":[{"embeddable":true,"href":"https:\/\/hostnetart.com.br\/baixada\/wp-json\/wp\/v2\/media\/14942"}],"wp:attachment":[{"href":"https:\/\/hostnetart.com.br\/baixada\/wp-json\/wp\/v2\/media?parent=14943"}],"wp:term":[{"taxonomy":"category","embeddable":true,"href":"https:\/\/hostnetart.com.br\/baixada\/wp-json\/wp\/v2\/categories?post=14943"},{"taxonomy":"post_tag","embeddable":true,"href":"https:\/\/hostnetart.com.br\/baixada\/wp-json\/wp\/v2\/tags?post=14943"}],"curies":[{"name":"wp","href":"https:\/\/api.w.org\/{rel}","templated":true}]}}