{"id":14939,"date":"2024-02-02T15:50:01","date_gmt":"2024-02-02T18:50:01","guid":{"rendered":"https:\/\/hostnetart.com.br\/baixada\/movimento-sindical-cobra-explicacoes-sobre-reestruturacao-na-caixa\/"},"modified":"2024-02-02T15:50:01","modified_gmt":"2024-02-02T18:50:01","slug":"movimento-sindical-cobra-explicacoes-sobre-reestruturacao-na-caixa","status":"publish","type":"post","link":"https:\/\/hostnetart.com.br\/baixada\/movimento-sindical-cobra-explicacoes-sobre-reestruturacao-na-caixa\/","title":{"rendered":"Movimento Sindical cobra explica\u00e7\u00f5es sobre reestrutura\u00e7\u00e3o na Caixa"},"content":{"rendered":"<p>O Movimento Sindical Banc\u00e1rio, atrav\u00e9s da Confedera\u00e7\u00e3o Nacional dos Trabalhadores do Ramo Financeiro (Contraf-CUT), enviou, nesta quinta-feira (1\u00ba\/2), um of\u00edcio \u00e0 Caixa Econ\u00f4mica Federal solicitando informa\u00e7\u00f5es sobre uma reestrutura\u00e7\u00e3o no banco.<\/p>\n<p>\u201cRecebemos den\u00fancias que, desde de dezembro, est\u00e1 havendo extin\u00e7\u00e3o de unidades, transfer\u00eancia de atividades, cria\u00e7\u00e3o de \u00e1reas e grande movimenta\u00e7\u00e3o de empregados, inclusive transfer\u00eancias de pessoal para \u00e1reas sem nenhuma proximidade com o trabalho at\u00e9 ent\u00e3o desenvolvido\u201d, disse a coordenadora da Comiss\u00e3o Executiva dos Empregados (CEE) da Caixa, Fabiana Uehara Proscholdt, a Fabi.<\/p>\n<p>No of\u00edcio, a Contraf-CUT ressalta que \u201cpor se tratar de reestrutura\u00e7\u00e3o da empresa, com impactos na vida funcional dos empregados, reiteramos a necessidade de debate com a representa\u00e7\u00e3o dos empregados para que sejam discutidas formas de mitigar os impactos do processo para os trabalhadores, conforme previsto na cl\u00e1usula 46, par\u00e1grafo segundo, do ACT 2022\/2024, firmado entre a Caixa e as entidades representativas.\u201d<\/p>\n<p>Al\u00e9m das informa\u00e7\u00f5es, a Contraf-CUT solicita uma reuni\u00e3o urgente com o novo vice-presidente de Pessoas da Caixa, Francisco Eg\u00eddio Pel\u00facio Martins, para tratar do assunto.<\/p>\n<p><strong>Fonte: Contraf-CUT<\/strong><\/p>\n","protected":false},"excerpt":{"rendered":"<p>O Movimento Sindical Banc\u00e1rio, atrav\u00e9s da Confedera\u00e7\u00e3o Nacional dos Trabalhadores do Ramo Financeiro (Contraf-CUT), enviou, nesta quinta-feira (1\u00ba\/2), um of\u00edcio \u00e0 Caixa Econ\u00f4mica Federal solicitando informa\u00e7\u00f5es sobre uma reestrutura\u00e7\u00e3o no banco. \u201cRecebemos den\u00fancias que, desde de dezembro, est\u00e1 havendo extin\u00e7\u00e3o de unidades, transfer\u00eancia de atividades, cria\u00e7\u00e3o de \u00e1reas e grande movimenta\u00e7\u00e3o de empregados, inclusive transfer\u00eancias [&hellip;]<\/p>\n","protected":false},"author":2,"featured_media":14938,"comment_status":"","ping_status":"","sticky":false,"template":"","format":"standard","meta":{"footnotes":""},"categories":[3],"tags":[],"class_list":["post-14939","post","type-post","status-publish","format-standard","has-post-thumbnail","hentry","category-noticias"],"_links":{"self":[{"href":"https:\/\/hostnetart.com.br\/baixada\/wp-json\/wp\/v2\/posts\/14939","targetHints":{"allow":["GET"]}}],"collection":[{"href":"https:\/\/hostnetart.com.br\/baixada\/wp-json\/wp\/v2\/posts"}],"about":[{"href":"https:\/\/hostnetart.com.br\/baixada\/wp-json\/wp\/v2\/types\/post"}],"author":[{"embeddable":true,"href":"https:\/\/hostnetart.com.br\/baixada\/wp-json\/wp\/v2\/users\/2"}],"replies":[{"embeddable":true,"href":"https:\/\/hostnetart.com.br\/baixada\/wp-json\/wp\/v2\/comments?post=14939"}],"version-history":[{"count":0,"href":"https:\/\/hostnetart.com.br\/baixada\/wp-json\/wp\/v2\/posts\/14939\/revisions"}],"wp:featuredmedia":[{"embeddable":true,"href":"https:\/\/hostnetart.com.br\/baixada\/wp-json\/wp\/v2\/media\/14938"}],"wp:attachment":[{"href":"https:\/\/hostnetart.com.br\/baixada\/wp-json\/wp\/v2\/media?parent=14939"}],"wp:term":[{"taxonomy":"category","embeddable":true,"href":"https:\/\/hostnetart.com.br\/baixada\/wp-json\/wp\/v2\/categories?post=14939"},{"taxonomy":"post_tag","embeddable":true,"href":"https:\/\/hostnetart.com.br\/baixada\/wp-json\/wp\/v2\/tags?post=14939"}],"curies":[{"name":"wp","href":"https:\/\/api.w.org\/{rel}","templated":true}]}}