{"id":14935,"date":"2024-02-01T03:48:17","date_gmt":"2024-02-01T06:48:17","guid":{"rendered":"https:\/\/hostnetart.com.br\/baixada\/caixa-divulga-edital-para-eleicao-do-ca\/"},"modified":"2024-02-01T03:48:17","modified_gmt":"2024-02-01T06:48:17","slug":"caixa-divulga-edital-para-eleicao-do-ca","status":"publish","type":"post","link":"https:\/\/hostnetart.com.br\/baixada\/caixa-divulga-edital-para-eleicao-do-ca\/","title":{"rendered":"Caixa divulga edital para elei\u00e7\u00e3o do CA"},"content":{"rendered":"<p>A Caixa Econ\u00f4mica Federal divulgou, no dia 25 de janeiro, o edital para a elei\u00e7\u00e3o da representa\u00e7\u00e3o das empregadas e empregados no Conselho de Administra\u00e7\u00e3o do banco. Quem tiver interesse em concorrer \u00e0 vaga t\u00eam at\u00e9 o dia 2 de fevereiro para inscrever sua candidatura.<\/p>\n<p>Para concorrer, \u00e9 necess\u00e1rio:<\/p>\n<ul>\n<li>ser empregada, ou empregado, da Caixa;<\/li>\n<li>cumprir os requisitos previstos em lei e no Estatuto da Caixa;<\/li>\n<li>n\u00e3o possuir falta grave relacionada ao descumprimento dos c\u00f3digos de \u00c9tica e de Conduta, nem dos normativos internos do banco.<\/li>\n<\/ul>\n<p>A campanha come\u00e7a no dia 5 de fevereiro, quando ser\u00e1 divulgada a lista dos candidatos. A vota\u00e7\u00e3o ser\u00e1 realizada de forma eletr\u00f4nica de 26 a 29 de fevereiro. Se nenhuma candidatura obtiver mais do que 50% dos votos, haver\u00e1 segundo turno entre as duas mais votadas nos dias 11 a 14 de mar\u00e7o.<\/p>\n<p>Todas as empregadas e empregados ativos com contrato de trabalho n\u00e3o suspensos na data de instala\u00e7\u00e3o da comiss\u00e3o eleitoral (19\/01\/2024) podem votar. O voto \u00e9 facultativo e secreto.<\/p>\n<h3><strong>O Conselho<\/strong><\/h3>\n<p>O Conselho de Administra\u00e7\u00e3o da Caixa \u00e9 um \u00f3rg\u00e3o colegiado, composto por oito conselheiros: seis indicados pelo Ministro da Fazenda; o presidente da Caixa (membro nato); e um(a) conselheiro(a) eleito(a) pelas empregadas e empregados da Caixa para os representar.<\/p>\n<p>A fun\u00e7\u00e3o do conselho \u00e9 deliberar sobre os interesses estrat\u00e9gicos de longo prazo do banco, levando em conta os impactos decorrentes das atividades da Caixa para a sociedade e o meio ambiente.<\/p>\n<h3><strong>Mais informa\u00e7\u00f5es<\/strong><\/h3>\n<p>Para mais informa\u00e7\u00f5es, acesse o <a href=\"https:\/\/contrafcut.com.br\/\" target=\"_blank\" rel=\"noopener noreferrer\">site da Contraf-CUT<\/a> ou de suas <a href=\"https:\/\/contrafcut.com.br\/entidades-filiadas\" target=\"_blank\" rel=\"noopener noreferrer\">federa\u00e7\u00f5es e sindicatos filiados<\/a>. Outra op\u00e7\u00e3o \u00e9 acessar a <a href=\"https:\/\/www.caixa.gov.br\/sobre-a-caixa\/governanca-corporativa\/conselho-administracao\/Paginas\/default.aspx\" target=\"_blank\" rel=\"noopener noreferrer\">p\u00e1gina do Conselho de Administra\u00e7\u00e3o da Caixa<\/a>. L\u00e1 \u00e9 poss\u00edvel acessar o <a href=\"https:\/\/www.caixa.gov.br\/Downloads\/caixa-governanca\/edital-de-convocacao-representante-empregados-2024.pdf\" target=\"_blank\" rel=\"noopener noreferrer\">edital de convoca\u00e7\u00e3o<\/a> da elei\u00e7\u00e3o, o <a href=\"https:\/\/www.caixa.gov.br\/Downloads\/caixa-governanca\/regulamento-eleitoral-representante-empregados-2024.pdf\" target=\"_blank\" rel=\"noopener noreferrer\">regulamento<\/a>e o <a href=\"https:\/\/www.caixa.gov.br\/Downloads\/caixa-governanca\/regulamento-eleitoral-representante-empregados-2024.pdf\" target=\"_blank\" rel=\"noopener noreferrer\">cronograma eleitoral<\/a>.<\/p>\n<p><strong>Fonte: Contraf-CUT<\/strong><\/p>\n","protected":false},"excerpt":{"rendered":"<p>A Caixa Econ\u00f4mica Federal divulgou, no dia 25 de janeiro, o edital para a elei\u00e7\u00e3o da representa\u00e7\u00e3o das empregadas e empregados no Conselho de Administra\u00e7\u00e3o do banco. Quem tiver interesse em concorrer \u00e0 vaga t\u00eam at\u00e9 o dia 2 de fevereiro para inscrever sua candidatura. Para concorrer, \u00e9 necess\u00e1rio: ser empregada, ou empregado, da Caixa; [&hellip;]<\/p>\n","protected":false},"author":2,"featured_media":14934,"comment_status":"","ping_status":"","sticky":false,"template":"","format":"standard","meta":{"footnotes":""},"categories":[3],"tags":[],"class_list":["post-14935","post","type-post","status-publish","format-standard","has-post-thumbnail","hentry","category-noticias"],"_links":{"self":[{"href":"https:\/\/hostnetart.com.br\/baixada\/wp-json\/wp\/v2\/posts\/14935","targetHints":{"allow":["GET"]}}],"collection":[{"href":"https:\/\/hostnetart.com.br\/baixada\/wp-json\/wp\/v2\/posts"}],"about":[{"href":"https:\/\/hostnetart.com.br\/baixada\/wp-json\/wp\/v2\/types\/post"}],"author":[{"embeddable":true,"href":"https:\/\/hostnetart.com.br\/baixada\/wp-json\/wp\/v2\/users\/2"}],"replies":[{"embeddable":true,"href":"https:\/\/hostnetart.com.br\/baixada\/wp-json\/wp\/v2\/comments?post=14935"}],"version-history":[{"count":0,"href":"https:\/\/hostnetart.com.br\/baixada\/wp-json\/wp\/v2\/posts\/14935\/revisions"}],"wp:featuredmedia":[{"embeddable":true,"href":"https:\/\/hostnetart.com.br\/baixada\/wp-json\/wp\/v2\/media\/14934"}],"wp:attachment":[{"href":"https:\/\/hostnetart.com.br\/baixada\/wp-json\/wp\/v2\/media?parent=14935"}],"wp:term":[{"taxonomy":"category","embeddable":true,"href":"https:\/\/hostnetart.com.br\/baixada\/wp-json\/wp\/v2\/categories?post=14935"},{"taxonomy":"post_tag","embeddable":true,"href":"https:\/\/hostnetart.com.br\/baixada\/wp-json\/wp\/v2\/tags?post=14935"}],"curies":[{"name":"wp","href":"https:\/\/api.w.org\/{rel}","templated":true}]}}