{"id":14925,"date":"2024-01-29T14:08:03","date_gmt":"2024-01-29T17:08:03","guid":{"rendered":"https:\/\/hostnetart.com.br\/baixada\/negociacoes-com-a-caixa-serao-retomadas-dia-6-de-fevereiro\/"},"modified":"2024-01-29T14:08:03","modified_gmt":"2024-01-29T17:08:03","slug":"negociacoes-com-a-caixa-serao-retomadas-dia-6-de-fevereiro","status":"publish","type":"post","link":"https:\/\/hostnetart.com.br\/baixada\/negociacoes-com-a-caixa-serao-retomadas-dia-6-de-fevereiro\/","title":{"rendered":"Negocia\u00e7\u00f5es com a Caixa ser\u00e3o retomadas dia 6 de fevereiro"},"content":{"rendered":"<p>A primeira mesa de negocia\u00e7\u00f5es entre os representantes das empregadas e empregados e a Caixa Econ\u00f4mica Federal ser\u00e1 realizada no dia 6 de fevereiro, a partir das 14h30, em Bras\u00edlia. Para permitir que representantes de todas as federa\u00e7\u00f5es e sindicatos que comp\u00f5em a Comiss\u00e3o Executiva dos Empregados (CEE) participem, a reuni\u00e3o ser\u00e1 realizada em formato h\u00edbrido, com a possibilidade de participa\u00e7\u00e3o presencial, ou \u00e0 dist\u00e2ncia, por meio de plataforma de videoconfer\u00eancia.<\/p>\n<p>\u201cExistem <a href=\"https:\/\/contrafcut.com.br\/noticias\/empregados-querem-fim-da-cultura-do-assedio-na-caixa\" target=\"_blank\" rel=\"noopener noreferrer\">diversas pend\u00eancias a serem resolvidas<\/a> das negocia\u00e7\u00f5es que v\u00ednhamos tocando em 2023, mas algumas precisam de resolu\u00e7\u00f5es urgentes, como o <a href=\"https:\/\/contrafcut.com.br\/noticias\/caixa-apresenta-proposta-indecente-para-os-empregados\" target=\"_blank\" rel=\"noopener noreferrer\">pagamento da quebra de caixa<\/a> para todos que realizam a fun\u00e7\u00e3o, a <a href=\"https:\/\/contrafcut.com.br\/noticias\/caixa-contraf-cut-cobra-reducao-de-jornada-para-pcds\" target=\"_blank\" rel=\"noopener noreferrer\">redu\u00e7\u00e3o da jornada para pais de PCDs<\/a> (Pessoas com Defici\u00eancia) e a defini\u00e7\u00e3o dos par\u00e2metros para o <a href=\"https:\/\/contrafcut.com.br\/noticias\/caixa-apresenta-dados-da-promocao-por-merito-pagas-em-2023\" target=\"_blank\" rel=\"noopener noreferrer\">pagamento dos deltas da promo\u00e7\u00e3o por m\u00e9rito<\/a>\u201d, lembrou a coordenadora da CEE, Fabiana Uehara Proscholdt, a Fabi. \u201cSem contar a <a href=\"https:\/\/contrafcut.com.br\/noticias\/saude-caixa-contraf-cut-cobra-os-itens-negociados\" target=\"_blank\" rel=\"noopener noreferrer\">recria\u00e7\u00e3o das Gipes, das Repes e dos comit\u00eas<\/a> de credenciamento e descredenciamento do Sa\u00fade Caixa\u201d, completou.<\/p>\n<p>As Gipes s\u00e3o as ger\u00eancias nas filiais de gest\u00e3o de pessoas e as Repes s\u00e3o as representa\u00e7\u00f5es regionais, vinculadas \u00e0s Gipes. \u201cEstas estruturas regionais s\u00e3o fundamentais para a melhoria do atendimento aos usu\u00e1rios do Sa\u00fade Caixa, bem como para a solu\u00e7\u00e3o dos problemas enfrentados por profissionais de sa\u00fade, cl\u00ednicas e hospitais credenciados, evitando, desta maneira, o descredenciamento\u201d, explicou Fabi.<\/p>\n<p>A coordenadora da CEE ressalta que \u00e9 importante a participa\u00e7\u00e3o de representantes de todas as entidades. \u201c\u00c9 fundamental que todas e todos participem para que a representa\u00e7\u00e3o tenha todas as informa\u00e7\u00f5es e hist\u00f3rico das negocia\u00e7\u00f5es, de modo que possa repassar tudo \u00e0s empregadas e empregados de suas respectivas bases e os mantenha mobilizados\u201d, disse Fabi. \u201cAfinal, n\u00e3o podemos nos esquecer que neste ano teremos campanha para renova\u00e7\u00e3o da Conven\u00e7\u00e3o Coletiva de Trabalho da categoria banc\u00e1ria e do nosso Acordo Coletivo de Trabalho, espec\u00edfico da Caixa\u201d, completou.<\/p>\n<p>A orienta\u00e7\u00e3o \u00e9 para que quem for participar presencialmente, chegue em Bras\u00edlia no dia anterior e volte para sua base somente no dia posterior ao da reuni\u00e3o. \u201cAssim, evita-se que os membros se atrasem, ou tenham que sair antecipadamente da reuni\u00e3o, podendo perder momentos importantes das negocia\u00e7\u00f5es\u201d, concluiu a coordenadora da CEE.<\/p>\n<p><b>Fonte: Contraf-CUT<\/b><\/p>\n","protected":false},"excerpt":{"rendered":"<p>A primeira mesa de negocia\u00e7\u00f5es entre os representantes das empregadas e empregados e a Caixa Econ\u00f4mica Federal ser\u00e1 realizada no dia 6 de fevereiro, a partir das 14h30, em Bras\u00edlia. Para permitir que representantes de todas as federa\u00e7\u00f5es e sindicatos que comp\u00f5em a Comiss\u00e3o Executiva dos Empregados (CEE) participem, a reuni\u00e3o ser\u00e1 realizada em formato [&hellip;]<\/p>\n","protected":false},"author":2,"featured_media":14924,"comment_status":"","ping_status":"","sticky":false,"template":"","format":"standard","meta":{"footnotes":""},"categories":[3],"tags":[],"class_list":["post-14925","post","type-post","status-publish","format-standard","has-post-thumbnail","hentry","category-noticias"],"_links":{"self":[{"href":"https:\/\/hostnetart.com.br\/baixada\/wp-json\/wp\/v2\/posts\/14925","targetHints":{"allow":["GET"]}}],"collection":[{"href":"https:\/\/hostnetart.com.br\/baixada\/wp-json\/wp\/v2\/posts"}],"about":[{"href":"https:\/\/hostnetart.com.br\/baixada\/wp-json\/wp\/v2\/types\/post"}],"author":[{"embeddable":true,"href":"https:\/\/hostnetart.com.br\/baixada\/wp-json\/wp\/v2\/users\/2"}],"replies":[{"embeddable":true,"href":"https:\/\/hostnetart.com.br\/baixada\/wp-json\/wp\/v2\/comments?post=14925"}],"version-history":[{"count":0,"href":"https:\/\/hostnetart.com.br\/baixada\/wp-json\/wp\/v2\/posts\/14925\/revisions"}],"wp:featuredmedia":[{"embeddable":true,"href":"https:\/\/hostnetart.com.br\/baixada\/wp-json\/wp\/v2\/media\/14924"}],"wp:attachment":[{"href":"https:\/\/hostnetart.com.br\/baixada\/wp-json\/wp\/v2\/media?parent=14925"}],"wp:term":[{"taxonomy":"category","embeddable":true,"href":"https:\/\/hostnetart.com.br\/baixada\/wp-json\/wp\/v2\/categories?post=14925"},{"taxonomy":"post_tag","embeddable":true,"href":"https:\/\/hostnetart.com.br\/baixada\/wp-json\/wp\/v2\/tags?post=14925"}],"curies":[{"name":"wp","href":"https:\/\/api.w.org\/{rel}","templated":true}]}}