{"id":14923,"date":"2024-01-29T14:06:29","date_gmt":"2024-01-29T17:06:29","guid":{"rendered":"https:\/\/hostnetart.com.br\/baixada\/caixa-acao-sindical-poe-fim-a-perseguicao\/"},"modified":"2024-01-29T14:06:29","modified_gmt":"2024-01-29T17:06:29","slug":"caixa-acao-sindical-poe-fim-a-perseguicao","status":"publish","type":"post","link":"https:\/\/hostnetart.com.br\/baixada\/caixa-acao-sindical-poe-fim-a-perseguicao\/","title":{"rendered":"Caixa: A\u00e7\u00e3o sindical p\u00f5e fim \u00e0 persegui\u00e7\u00e3o"},"content":{"rendered":"<p>Ap\u00f3s den\u00fancias da Confedera\u00e7\u00e3o Nacional dos Trabalhadores do Ramo Financeiro (Contraf-CUT) e da Federa\u00e7\u00e3o Nacional das Associa\u00e7\u00f5es do Pessoal da Caixa (Fenae), a Caixa Econ\u00f4mica Federal assinou um Termo de Ajuste de Conduta (TAC) com o Minist\u00e9rio P\u00fablico do Trabalho do Distrito Federal (MPT\/DF) para assegurar que os trabalhadores descomissionados e transferidos para ag\u00eancias por persegui\u00e7\u00e3o da gest\u00e3o de Pedro Guimar\u00e3es possam participar dos Processos Seletivos Internos (PSI) e concorrer a fun\u00e7\u00f5es gratificadas e cargos comissionados. A experi\u00eancia acumulada nos \u00faltimos dez anos ser\u00e1 considerada no processo.<\/p>\n<p>A Contraf-CUT e a Fenae participaram das negocia\u00e7\u00f5es e da audi\u00eancia para a assinatura do TAC.<\/p>\n<p>\u201cEssa era uma demanda das entidades associativas e dos sindicatos para que se fizesse justi\u00e7a aos empregados que foram perseguidos pelo ex-presidente do banco, Pedro Guimar\u00e3es. A experi\u00eancia desses trabalhadores, acumulada durante anos de servi\u00e7os, \u00e9 essencial para a Caixa, e o TAC garantir\u00e1 que essa experi\u00eancia seja contabilizada no processo de sele\u00e7\u00e3o\u201d, observou o presidente da Fenae, Sergio Takemoto.<\/p>\n<p>Na gest\u00e3o de Pedro Guimar\u00e3es, aliado do ex-presidente Jair Bolsonaro (PL), empregados que ocupavam cargos de dire\u00e7\u00e3o e superintend\u00eancia na estatal foram transferidos de forma arbitr\u00e1ria para ag\u00eancias. A medida foi vista como persegui\u00e7\u00e3o a empregados que ocupavam cargos estrat\u00e9gicos em governos anteriores. \u201cAssim, pessoas com vasta experi\u00eancia, excelente curr\u00edculo e conhecimentos importantes estavam com seus talentos desperdi\u00e7ados\u201d, avaliou o presidente da Fenae.<\/p>\n<p>\u201cN\u00e3o podemos tolerar persegui\u00e7\u00f5es pol\u00edticas ou pessoais. Gostar\u00edamos de ter avan\u00e7ado mais com o retorno desses empregados \u00e0s suas antigas fun\u00e7\u00f5es, mas entendemos que o TAC foi um avan\u00e7o, onde a Caixa inclusive, reconheceu a persegui\u00e7\u00e3o\u201d, disse a coordenadora da Comiss\u00e3o Executiva dos Empregados (CEE) da Caixa, Fabiana Uehara Proscholdt. \u201cEsperamos, com isso, que essas situa\u00e7\u00f5es n\u00e3o mais ocorram e que o acordo possa ajudar os colegas dentro da estrutura do banco\u201d, completou.<\/p>\n<p>Pelo TAC, o banco agora se compromete a contabilizar a experi\u00eancia anterior em fun\u00e7\u00f5es gratificadas no per\u00edodo de refer\u00eancia dos \u00faltimos 10 anos para todos os empregados interessados em concorrer a fun\u00e7\u00f5es gratificadas e cargos comissionados nas sistem\u00e1ticas de sele\u00e7\u00e3o institucionalizadas, como o PSI tradicional, banco de sucessores e Experi\u00eancia Oportunidade Caixa. Vale ressaltar que, na metodologia de sele\u00e7\u00e3o institucional denominada Score, o per\u00edodo considerado ser\u00e1 de cinco anos.<\/p>\n<p><a href=\"https:\/\/www.fenae.org.br\/portal\/data\/files\/62\/40\/17\/AD\/2FB3D81020C812D8403A91A8\/TAC_MPTDF%20e%20Caixa.pdf\" target=\"_blank\" rel=\"noopener noreferrer\">Confira aqui<\/a> a \u00edntegra do TAC.<\/p>\n<p><b>Fonte: Contraf-CUT<\/b><\/p>\n","protected":false},"excerpt":{"rendered":"<p>Ap\u00f3s den\u00fancias da Confedera\u00e7\u00e3o Nacional dos Trabalhadores do Ramo Financeiro (Contraf-CUT) e da Federa\u00e7\u00e3o Nacional das Associa\u00e7\u00f5es do Pessoal da Caixa (Fenae), a Caixa Econ\u00f4mica Federal assinou um Termo de Ajuste de Conduta (TAC) com o Minist\u00e9rio P\u00fablico do Trabalho do Distrito Federal (MPT\/DF) para assegurar que os trabalhadores descomissionados e transferidos para ag\u00eancias por [&hellip;]<\/p>\n","protected":false},"author":2,"featured_media":14922,"comment_status":"","ping_status":"","sticky":false,"template":"","format":"standard","meta":{"footnotes":""},"categories":[3],"tags":[],"class_list":["post-14923","post","type-post","status-publish","format-standard","has-post-thumbnail","hentry","category-noticias"],"_links":{"self":[{"href":"https:\/\/hostnetart.com.br\/baixada\/wp-json\/wp\/v2\/posts\/14923","targetHints":{"allow":["GET"]}}],"collection":[{"href":"https:\/\/hostnetart.com.br\/baixada\/wp-json\/wp\/v2\/posts"}],"about":[{"href":"https:\/\/hostnetart.com.br\/baixada\/wp-json\/wp\/v2\/types\/post"}],"author":[{"embeddable":true,"href":"https:\/\/hostnetart.com.br\/baixada\/wp-json\/wp\/v2\/users\/2"}],"replies":[{"embeddable":true,"href":"https:\/\/hostnetart.com.br\/baixada\/wp-json\/wp\/v2\/comments?post=14923"}],"version-history":[{"count":0,"href":"https:\/\/hostnetart.com.br\/baixada\/wp-json\/wp\/v2\/posts\/14923\/revisions"}],"wp:featuredmedia":[{"embeddable":true,"href":"https:\/\/hostnetart.com.br\/baixada\/wp-json\/wp\/v2\/media\/14922"}],"wp:attachment":[{"href":"https:\/\/hostnetart.com.br\/baixada\/wp-json\/wp\/v2\/media?parent=14923"}],"wp:term":[{"taxonomy":"category","embeddable":true,"href":"https:\/\/hostnetart.com.br\/baixada\/wp-json\/wp\/v2\/categories?post=14923"},{"taxonomy":"post_tag","embeddable":true,"href":"https:\/\/hostnetart.com.br\/baixada\/wp-json\/wp\/v2\/tags?post=14923"}],"curies":[{"name":"wp","href":"https:\/\/api.w.org\/{rel}","templated":true}]}}