{"id":1492,"date":"2013-09-16T00:00:00","date_gmt":"2013-09-16T03:00:00","guid":{"rendered":"https:\/\/hostnetart.com.br\/baixada\/proposta-de-6-1-e-incompativel-com-desempenho-dos-bancos-diz-dieese\/"},"modified":"2013-09-16T00:00:00","modified_gmt":"2013-09-16T03:00:00","slug":"proposta-de-6-1-e-incompativel-com-desempenho-dos-bancos-diz-dieese","status":"publish","type":"post","link":"https:\/\/hostnetart.com.br\/baixada\/proposta-de-6-1-e-incompativel-com-desempenho-dos-bancos-diz-dieese\/","title":{"rendered":"Proposta de 6,1% \u00e9 incompat\u00edvel com desempenho dos bancos, diz Dieese"},"content":{"rendered":"<p>A proposta para reajuste salarial de 6,1% oferecida pelos Federa\u00e7\u00e3o dos Bancos (Fenaban) aos banc\u00e1rios n\u00e3o apresenta aumento real nos sal\u00e1rio e \u00e9 totalmente incompat\u00edvel com os resultados do sistema financeiro no Brasil. A avalia\u00e7\u00e3o \u00e9 do diretor t\u00e9cnico do Dieese, Clemente Ganz L\u00facio. \u201c\u00c9 o setor econ\u00f4mico mais rent\u00e1vel presente na nossa economia\u201d, afirmou na sexta-feira (13), em seu coment\u00e1rio di\u00e1rio na R\u00e1dio Brasil Atual.<\/p>\n<p>\u00a0<\/p>\n<p>A pauta nacional para renova\u00e7\u00e3o da conven\u00e7\u00e3o coletiva trabalho dos banc\u00e1rios, que tem alcance nacional, inclui ainda aumento real de 5%, piso salarial de R$ 2.860, Participa\u00e7\u00e3o nos Lucros ou Resultados no valor de tr\u00eas sal\u00e1rios somados a uma parcela adicional fixa de R$ 5.553,15 e vales refei\u00e7\u00e3o, alimenta\u00e7\u00e3o, 13\u00aa cesta e aux\u00edlio creche no valor do sal\u00e1rio m\u00ednimo nacional, R$ 678, cada. Al\u00e9m de melhoria nas condi\u00e7\u00f5es de sa\u00fade, aux\u00edlio educa\u00e7\u00e3o, seguran\u00e7a, igualdade de oportunidades, entre outros.<\/p>\n<p>\u00a0<\/p>\n<p>\u201c\u00c9 uma proposta bastante ampla e o que os banqueiros apresentam \u00e9 muito inferior \u00e0quilo que os banc\u00e1rios est\u00e3o colocando na mesa e muito inferior \u00e0 capacidade econ\u00f4mica que os bancos t\u00eam de distribuir os resultados\u201d, afirma Ganz L\u00facio. Segundo o diretor, a distribui\u00e7\u00e3o mais justa dos resultados contribui para melhorar os empregos, as condi\u00e7\u00f5es de trabalho e a qualidade de vida dos trabalhadores.<\/p>\n<p>\u00a0<\/p>\n<p>Em assembleias realizadas nas principais bases sindicais do pa\u00eds no dia 12, os banc\u00e1rios rejeitaram o \u00edndice de reajuste salarial sem aumento real e aprovaram o in\u00edcio de greve por tempo indeterminado a partir da pr\u00f3xima quinta-feira (19), caso a Fenaban n\u00e3o apresente nova proposta.<\/p>\n<p>\u00a0<\/p>\n<p>Fonte: Rede Brasil Atual<\/p>\n","protected":false},"excerpt":{"rendered":"<p>A proposta para reajuste salarial de 6,1% oferecida pelos Federa\u00e7\u00e3o dos Bancos (Fenaban) aos banc\u00e1rios n\u00e3o apresenta aumento real nos sal\u00e1rio e \u00e9 totalmente incompat\u00edvel com os resultados do sistema financeiro no Brasil. A avalia\u00e7\u00e3o \u00e9 do diretor t\u00e9cnico do Dieese, Clemente Ganz L\u00facio. \u201c\u00c9 o setor econ\u00f4mico mais rent\u00e1vel presente na nossa economia\u201d, afirmou [&hellip;]<\/p>\n","protected":false},"author":1,"featured_media":0,"comment_status":"","ping_status":"","sticky":false,"template":"","format":"standard","meta":{"footnotes":""},"categories":[3],"tags":[],"class_list":["post-1492","post","type-post","status-publish","format-standard","hentry","category-noticias"],"_links":{"self":[{"href":"https:\/\/hostnetart.com.br\/baixada\/wp-json\/wp\/v2\/posts\/1492","targetHints":{"allow":["GET"]}}],"collection":[{"href":"https:\/\/hostnetart.com.br\/baixada\/wp-json\/wp\/v2\/posts"}],"about":[{"href":"https:\/\/hostnetart.com.br\/baixada\/wp-json\/wp\/v2\/types\/post"}],"author":[{"embeddable":true,"href":"https:\/\/hostnetart.com.br\/baixada\/wp-json\/wp\/v2\/users\/1"}],"replies":[{"embeddable":true,"href":"https:\/\/hostnetart.com.br\/baixada\/wp-json\/wp\/v2\/comments?post=1492"}],"version-history":[{"count":0,"href":"https:\/\/hostnetart.com.br\/baixada\/wp-json\/wp\/v2\/posts\/1492\/revisions"}],"wp:attachment":[{"href":"https:\/\/hostnetart.com.br\/baixada\/wp-json\/wp\/v2\/media?parent=1492"}],"wp:term":[{"taxonomy":"category","embeddable":true,"href":"https:\/\/hostnetart.com.br\/baixada\/wp-json\/wp\/v2\/categories?post=1492"},{"taxonomy":"post_tag","embeddable":true,"href":"https:\/\/hostnetart.com.br\/baixada\/wp-json\/wp\/v2\/tags?post=1492"}],"curies":[{"name":"wp","href":"https:\/\/api.w.org\/{rel}","templated":true}]}}