{"id":14919,"date":"2024-01-25T14:20:15","date_gmt":"2024-01-25T17:20:15","guid":{"rendered":"https:\/\/hostnetart.com.br\/baixada\/saude-caixa-contraf-cut-cobra-os-itens-negociados\/"},"modified":"2024-01-25T14:20:15","modified_gmt":"2024-01-25T17:20:15","slug":"saude-caixa-contraf-cut-cobra-os-itens-negociados","status":"publish","type":"post","link":"https:\/\/hostnetart.com.br\/baixada\/saude-caixa-contraf-cut-cobra-os-itens-negociados\/","title":{"rendered":"Sa\u00fade Caixa: Contraf-CUT cobra os itens negociados"},"content":{"rendered":"<div class=\"elementor-element elementor-element-194680ec elementor-widget elementor-widget-theme-post-content\" data-id=\"194680ec\" data-element_type=\"widget\" data-widget_type=\"theme-post-content.default\">\n<div class=\"elementor-widget-container\">\n<p>A Confedera\u00e7\u00e3o Nacional dos Trabalhadores do Ramo Financeiro (Contraf-CUT) enviou, nesta quarta-feira (24), um of\u00edcio para a Caixa Econ\u00f4mica Federal cobrando a recria\u00e7\u00e3o das estruturas regionais (GIPES e REPES), para o atendimento aos usu\u00e1rios e credenciados do Sa\u00fade Caixa, e a implementa\u00e7\u00e3o dos Comit\u00eas Regionais de Credenciamento e Descredenciamento, al\u00e9m do fornecimento dos dados do plano, necess\u00e1rios para que a representa\u00e7\u00e3o dos empregados possa acompanhar a situa\u00e7\u00e3o financeira e atuarial do plano de sa\u00fade das empregadas e empregados.<\/p>\n<p>Ap\u00f3s a aprova\u00e7\u00e3o do aditivo espec\u00edfico do Sa\u00fade Caixa pela grande maioria das bases sindicais, a Caixa alterou os manuais normativos que versam sobre o plano, implementando o formato de custeio aprovado pelos empregados.<\/p>\n<p>\u201cH\u00e1, por\u00e9m, outros itens, que compuseram a proposta global apresentada pela Caixa, que ainda n\u00e3o foram implementados\u201d, observou a coordenadora da Comiss\u00e3o Executiva dos Empregados (CEE) da Caixa, Fabiana Uehara Proscholdt, a Fabi. \u201cS\u00e3o pontos fundamentais para garantirmos a qualidade do atendimento, com a resolu\u00e7\u00e3o dos problemas dos usu\u00e1rios e credenciados, al\u00e9m do credenciamento de profissionais de certas especialidades e unidades de atendimento de sa\u00fade, principalmente em localidades mais afastadas dos grandes centros metropolitanos do pa\u00eds, mas tamb\u00e9m para o acompanhamento dos custos e viabilidade do plano para todos os empregados\u201d, completou.<\/p>\n<p>Em seu of\u00edcio, a Contraf-CUT ressaltou que aguarda \u201cbreve retorno sobre os pontos elencados, para que possamos dar efetividade ao cumprimento dos termos do Acordo e dos compromissos assumidos pela dire\u00e7\u00e3o da Caixa com seus empregados\u201d.<\/p>\n<\/div>\n<\/div>\n<div class=\"elementor-element elementor-element-76b46e1 elementor-widget elementor-widget-post-info\" data-id=\"76b46e1\" data-element_type=\"widget\" data-widget_type=\"post-info.default\">\n<div class=\"elementor-widget-container\">\n<p><strong>Fonte: Contraf-CUT<\/strong><\/p>\n<\/div>\n<\/div>\n","protected":false},"excerpt":{"rendered":"<p>A Confedera\u00e7\u00e3o Nacional dos Trabalhadores do Ramo Financeiro (Contraf-CUT) enviou, nesta quarta-feira (24), um of\u00edcio para a Caixa Econ\u00f4mica Federal cobrando a recria\u00e7\u00e3o das estruturas regionais (GIPES e REPES), para o atendimento aos usu\u00e1rios e credenciados do Sa\u00fade Caixa, e a implementa\u00e7\u00e3o dos Comit\u00eas Regionais de Credenciamento e Descredenciamento, al\u00e9m do fornecimento dos dados do [&hellip;]<\/p>\n","protected":false},"author":2,"featured_media":14918,"comment_status":"","ping_status":"","sticky":false,"template":"","format":"standard","meta":{"footnotes":""},"categories":[3],"tags":[],"class_list":["post-14919","post","type-post","status-publish","format-standard","has-post-thumbnail","hentry","category-noticias"],"_links":{"self":[{"href":"https:\/\/hostnetart.com.br\/baixada\/wp-json\/wp\/v2\/posts\/14919","targetHints":{"allow":["GET"]}}],"collection":[{"href":"https:\/\/hostnetart.com.br\/baixada\/wp-json\/wp\/v2\/posts"}],"about":[{"href":"https:\/\/hostnetart.com.br\/baixada\/wp-json\/wp\/v2\/types\/post"}],"author":[{"embeddable":true,"href":"https:\/\/hostnetart.com.br\/baixada\/wp-json\/wp\/v2\/users\/2"}],"replies":[{"embeddable":true,"href":"https:\/\/hostnetart.com.br\/baixada\/wp-json\/wp\/v2\/comments?post=14919"}],"version-history":[{"count":0,"href":"https:\/\/hostnetart.com.br\/baixada\/wp-json\/wp\/v2\/posts\/14919\/revisions"}],"wp:featuredmedia":[{"embeddable":true,"href":"https:\/\/hostnetart.com.br\/baixada\/wp-json\/wp\/v2\/media\/14918"}],"wp:attachment":[{"href":"https:\/\/hostnetart.com.br\/baixada\/wp-json\/wp\/v2\/media?parent=14919"}],"wp:term":[{"taxonomy":"category","embeddable":true,"href":"https:\/\/hostnetart.com.br\/baixada\/wp-json\/wp\/v2\/categories?post=14919"},{"taxonomy":"post_tag","embeddable":true,"href":"https:\/\/hostnetart.com.br\/baixada\/wp-json\/wp\/v2\/tags?post=14919"}],"curies":[{"name":"wp","href":"https:\/\/api.w.org\/{rel}","templated":true}]}}